{"id":10697,"date":"2022-01-24T12:21:10","date_gmt":"2022-01-24T17:21:10","guid":{"rendered":"https:\/\/oui-iohe.org\/?p=10697"},"modified":"2022-01-24T12:55:51","modified_gmt":"2022-01-24T17:55:51","slug":"dia-internacional-de-la-educacion-2022","status":"publish","type":"post","link":"https:\/\/oui-iohe.org\/es\/dia-internacional-de-la-educacion-2022\/","title":{"rendered":"D\u00eda Internacional de la Educaci\u00f3n 2022"},"content":{"rendered":"<p><strong>\u201cCambiar de rumbo, transformar la educaci\u00f3n\u201d<\/strong><\/p>\n<p>La educaci\u00f3n es un derecho humano, un bien p\u00fablico y una responsabilidad colectiva.<\/p>\n<p>La Asamblea General de las Naciones Unidas proclam\u00f3 el 24 de enero\u00a0<a href=\"http:\/\/www.un.org\/en\/ga\/search\/view_doc.asp?symbol=A\/RES\/73\/25&amp;Lang=S\">D\u00eda Internacional de la Educaci\u00f3n<\/a>, en celebraci\u00f3n del papel que la educaci\u00f3n desempe\u00f1a en la paz y el desarrollo.<\/p>\n<p>\u00ab<em>En esta\u00a0\u00e9poca excepcional, no podemos seguir haciendo lo mismo de siempre. \u00a0Si queremos transformar el futuro, si queremos cambiar el rumbo, debemos repensar la educaci\u00f3n. Se trata de forjar un nuevo contrato social para la educaci\u00f3n, como se pide en el informe de la UNESCO sobre los Futuros de la educaci\u00f3n, publicado el pasado mes de noviembre. Tenemos que reparar las injusticias del pasado y orientar la transformaci\u00f3n digital hacia la inclusi\u00f3n y\u00a0la\u00a0equidad. \u00a0Y necesitamos que la educaci\u00f3n contribuya plenamente al desarrollo sostenible, por ejemplo, integrando la educaci\u00f3n ambiental en todos los planes de estudios y formando a los docentes en este \u00e1mbito<\/em>.\u00bb\u00a0&#8211;\u00a0<strong>Audrey Azoulay, Directora General de la UNESCO, con motivo del D\u00eda Internacional de la Educaci\u00f3n.<\/strong><\/p>\n<p>Sin una educaci\u00f3n de calidad, inclusiva y equitativa para todos y de oportunidades de aprendizaje a lo largo de toda la vida, los pa\u00edses no lograr\u00e1n alcanzar la igualdad de g\u00e9nero ni romper el ciclo de pobreza que deja rezagados a millones de ni\u00f1os, j\u00f3venes y adultos.<\/p>\n<p>Desde la <strong>Organizaci\u00f3n Universitaria Interamericana<\/strong> proponemos el <strong>Espacio de Movilidad Virtual en la Educaci\u00f3n Superior <\/strong>(<a href=\"https:\/\/oui-iohe.org\/es\/emovies\/\">eMOVIES<\/a>) como una iniciativa que se rige por los principios de colaboraci\u00f3n y reciprocidad y que no implica ning\u00fan costo para el estudiante que aplica al intercambio.<\/p>\n<p>Este consorcio de Instituciones de Educaci\u00f3n Superior integrantes de la OUI, ofrece a las instituciones de educaci\u00f3n superior (IES) participantes una visi\u00f3n alternativa a los modelos de movilidad tradicional para la promoci\u00f3n del intercambio acad\u00e9mico en educaci\u00f3n superior, permitiendo a los y las estudiantes la oportunidad de cursar materias en modalidad virtual o a distancia ofrecidas por otras instituciones miembros de la OUI.<\/p>\n","protected":false},"excerpt":{"rendered":"<p>\u201cCambiar de rumbo, transformar la educaci\u00f3n\u201d La educaci\u00f3n es un derecho humano, un bien p\u00fablico y una responsabilidad colectiva. La [&hellip;]<\/p>\n","protected":false},"author":4,"featured_media":10729,"comment_status":"open","ping_status":"open","sticky":false,"template":"","format":"standard","meta":{"_acf_changed":false,"_monsterinsights_skip_tracking":false,"_monsterinsights_sitenote_active":false,"_monsterinsights_sitenote_note":"","_monsterinsights_sitenote_category":0,"footnotes":""},"categories":[181],"tags":[],"class_list":["post-10697","post","type-post","status-publish","format-standard","has-post-thumbnail","hentry","category-actualidad-actualidad"],"acf":[],"aioseo_notices":[],"_links":{"self":[{"href":"https:\/\/oui-iohe.org\/es\/wp-json\/wp\/v2\/posts\/10697","targetHints":{"allow":["GET"]}}],"collection":[{"href":"https:\/\/oui-iohe.org\/es\/wp-json\/wp\/v2\/posts"}],"about":[{"href":"https:\/\/oui-iohe.org\/es\/wp-json\/wp\/v2\/types\/post"}],"author":[{"embeddable":true,"href":"https:\/\/oui-iohe.org\/es\/wp-json\/wp\/v2\/users\/4"}],"replies":[{"embeddable":true,"href":"https:\/\/oui-iohe.org\/es\/wp-json\/wp\/v2\/comments?post=10697"}],"version-history":[{"count":3,"href":"https:\/\/oui-iohe.org\/es\/wp-json\/wp\/v2\/posts\/10697\/revisions"}],"predecessor-version":[{"id":10710,"href":"https:\/\/oui-iohe.org\/es\/wp-json\/wp\/v2\/posts\/10697\/revisions\/10710"}],"wp:featuredmedia":[{"embeddable":true,"href":"https:\/\/oui-iohe.org\/es\/wp-json\/wp\/v2\/media\/10729"}],"wp:attachment":[{"href":"https:\/\/oui-iohe.org\/es\/wp-json\/wp\/v2\/media?parent=10697"}],"wp:term":[{"taxonomy":"category","embeddable":true,"href":"https:\/\/oui-iohe.org\/es\/wp-json\/wp\/v2\/categories?post=10697"},{"taxonomy":"post_tag","embeddable":true,"href":"https:\/\/oui-iohe.org\/es\/wp-json\/wp\/v2\/tags?post=10697"}],"curies":[{"name":"wp","href":"https:\/\/api.w.org\/{rel}","templated":true}]}}