{"id":12418,"date":"2022-09-14T15:19:58","date_gmt":"2022-09-14T19:19:58","guid":{"rendered":"https:\/\/oui-iohe.org\/?p=12418"},"modified":"2022-09-15T15:21:35","modified_gmt":"2022-09-15T19:21:35","slug":"conferencia-autogestion-personal-curso-iglu-2022","status":"publish","type":"post","link":"https:\/\/oui-iohe.org\/es\/conferencia-autogestion-personal-curso-iglu-2022\/","title":{"rendered":"Conferencia: \u201cAutogesti\u00f3n personal\u201d Curso IGLU 2022"},"content":{"rendered":"<p><em><span style=\"font-weight: 400;\">La apertura de la conferencia cont\u00f3 con las palabras de bienvenida de la Dra. Gabriela Narvaez, Coordinadora Acad\u00e9mica del Aula Virtual OUI, qui\u00e9n adem\u00e1s present\u00f3 a la conferencista, <\/span><span style=\"font-weight: 400;\">Lucie <\/span><span style=\"font-weight: 400;\">Burgaud<\/span><span style=\"font-weight: 400;\">, <\/span><span style=\"font-weight: 400;\">Psicoterapeuta, Coach y\u00a0 Consultora Internacional.<\/span><\/em><\/p>\n<p><span style=\"font-weight: 400;\">Posteriormente, la conferencista abord\u00f3 el tema <\/span><b><i>\u201c<\/i><\/b><b><i>Autogesti\u00f3n personal\u201d<\/i><\/b><b>,<\/b><span style=\"font-weight: 400;\"> comenzando con una introducci\u00f3n desde el liderazgo y compartiendo su experticia en el tema desde su trayectoria, adem\u00e1s de la evoluci\u00f3n que ha tenido y la importancia. Al final, respondi\u00f3 las preguntas y comentarios de los participantes.\u00a0<\/span><\/p>\n<p><span style=\"font-weight: 400;\">El evento finaliz\u00f3 con el agradecimiento a nuestra experta invitada por la excelente conferencia y la despedida a los participantes por parte de la Dra. Narvaez.<\/span><\/p>\n<p><span style=\"font-weight: 400;\">Este evento forma parte del Curso IGLU virtual 2022, el cu\u00e1l cuenta con 5 m\u00f3dulos:<\/span><\/p>\n<p><span style=\"font-weight: 400;\">-M\u00d3DULO I: Gesti\u00f3n estrat\u00e9gica<\/span><\/p>\n<p><span style=\"font-weight: 400;\">-M\u00d3DULO II: Gesti\u00f3n del conocimiento<\/span><\/p>\n<p><span style=\"font-weight: 400;\">-M\u00d3DULO III: Gesti\u00f3n de recursos<\/span><\/p>\n<p><span style=\"font-weight: 400;\">M\u00d3DULO IV: Autogesti\u00f3n personal<\/span><\/p>\n<p><span style=\"font-weight: 400;\">M\u00d3DULO V: Gesti\u00f3n de proyectos<\/span><\/p>\n<p><span style=\"font-weight: 400;\">Participan del curso 60 directivos y gestores de 23 instituciones de educaci\u00f3n superior de Argentina, Chile, Ecuador, M\u00e9xico, Puerto Rico y Uruguay.<\/span><\/p>\n","protected":false},"excerpt":{"rendered":"<p>La apertura de la conferencia cont\u00f3 con las palabras de bienvenida de la Dra. Gabriela Narvaez, Coordinadora Acad\u00e9mica del Aula [&hellip;]<\/p>\n","protected":false},"author":4,"featured_media":12419,"comment_status":"open","ping_status":"open","sticky":false,"template":"","format":"standard","meta":{"_acf_changed":false,"_monsterinsights_skip_tracking":false,"_monsterinsights_sitenote_active":false,"_monsterinsights_sitenote_note":"","_monsterinsights_sitenote_category":0,"footnotes":""},"categories":[181],"tags":[],"class_list":["post-12418","post","type-post","status-publish","format-standard","has-post-thumbnail","hentry","category-actualidad-actualidad"],"acf":[],"aioseo_notices":[],"_links":{"self":[{"href":"https:\/\/oui-iohe.org\/es\/wp-json\/wp\/v2\/posts\/12418","targetHints":{"allow":["GET"]}}],"collection":[{"href":"https:\/\/oui-iohe.org\/es\/wp-json\/wp\/v2\/posts"}],"about":[{"href":"https:\/\/oui-iohe.org\/es\/wp-json\/wp\/v2\/types\/post"}],"author":[{"embeddable":true,"href":"https:\/\/oui-iohe.org\/es\/wp-json\/wp\/v2\/users\/4"}],"replies":[{"embeddable":true,"href":"https:\/\/oui-iohe.org\/es\/wp-json\/wp\/v2\/comments?post=12418"}],"version-history":[{"count":2,"href":"https:\/\/oui-iohe.org\/es\/wp-json\/wp\/v2\/posts\/12418\/revisions"}],"predecessor-version":[{"id":12424,"href":"https:\/\/oui-iohe.org\/es\/wp-json\/wp\/v2\/posts\/12418\/revisions\/12424"}],"wp:featuredmedia":[{"embeddable":true,"href":"https:\/\/oui-iohe.org\/es\/wp-json\/wp\/v2\/media\/12419"}],"wp:attachment":[{"href":"https:\/\/oui-iohe.org\/es\/wp-json\/wp\/v2\/media?parent=12418"}],"wp:term":[{"taxonomy":"category","embeddable":true,"href":"https:\/\/oui-iohe.org\/es\/wp-json\/wp\/v2\/categories?post=12418"},{"taxonomy":"post_tag","embeddable":true,"href":"https:\/\/oui-iohe.org\/es\/wp-json\/wp\/v2\/tags?post=12418"}],"curies":[{"name":"wp","href":"https:\/\/api.w.org\/{rel}","templated":true}]}}