{"id":14628,"date":"2023-10-04T17:42:49","date_gmt":"2023-10-04T21:42:49","guid":{"rendered":"https:\/\/oui-iohe.org\/?p=14628"},"modified":"2023-10-04T17:43:08","modified_gmt":"2023-10-04T21:43:08","slug":"mision-oui-el-salvador","status":"publish","type":"post","link":"https:\/\/oui-iohe.org\/es\/mision-oui-el-salvador\/","title":{"rendered":"Misi\u00f3n OUI El Salvador"},"content":{"rendered":"<p><em><strong>La Doctora Leticia Jim\u00e9nez, Directora Acad\u00e9mica de la OUI estuvo en misi\u00f3n en El Salvador presentando la organizaci\u00f3n a diversas instituciones de dicho pa\u00eds, invitando a sus directivos a que participen en el Congreso de las Am\u00e9ricas sobre Educaci\u00f3n Internacional (CAEI) e impartiendo el taller\u201cFortaleciendo la cultura organizacional para el cambio\u201d.<\/strong><\/em><\/p>\n<p>Encuentre a continuaci\u00f3n un resumen de la misi\u00f3n:<\/p>\n<p><strong>Reuni\u00f3n Rectores UCA<\/strong><\/p>\n<p><strong>27 de septiembre 2023<\/strong><\/p>\n<p>Se llev\u00f3 a cabo una reuni\u00f3n informativa de la <strong>Organizaci\u00f3n Universitaria Internacional (OUI) <\/strong>el pasado 27 de septiembre en la <strong>Universidad Centroamericana Jos\u00e9 Sime\u00f3n Ca\u00f1as (UCA)<\/strong>, en la cu\u00e1l la Dra. Leticia Jim\u00e9nez, Directora Acad\u00e9mica de la OUI habl\u00f3 sobre el portafolio de actividades que se ofrecen y sobre el evento en puerta, el <strong>Congreso de las Am\u00e9ricas sobre Educaci\u00f3n Internacional (CAEI) <\/strong>que se realizar\u00e1 en Las Vegas el pr\u00f3ximo 6, 7 y 8 de noviembre de 2023.<\/p>\n<p>Asistieron alrededor de 15 instituciones de El Salvador, entre ellas: la Universidad de Oriente, Universidad Dr. Andr\u00e9s Bello, Universidad Polit\u00e9cnica de El Salvador, Universidad Salvadore\u00f1a Alberto Masferrer, Universidad Modular Abierta, Universidad Centroamericana Jos\u00e9 Sime\u00f3n Ca\u00f1as, Escuela de Comunicaci\u00f3n M\u00f3nica Herrera, Universidad Albert Einstein, Escuela Superior Francisca Esfe-Agape, Instituto Tecnol\u00f3gico Escuela T\u00e9cnica Para la Salud, Instituto Especializado de Nivel Superior, Escuela especializada en Ingenier\u00eda, Universidad Nueva San Salvador y la Escuela Superior de Negocios y Econom\u00eda.<\/p>\n<p><img loading=\"lazy\" decoding=\"async\" class=\"alignnone wp-image-14629 size-large\" src=\"https:\/\/oui-iohe.org\/wp-content\/uploads\/2023\/10\/4-1024x683.jpg\" alt=\"\" width=\"1024\" height=\"683\" srcset=\"https:\/\/oui-iohe.org\/wp-content\/uploads\/2023\/10\/4-1024x683.jpg 1024w, https:\/\/oui-iohe.org\/wp-content\/uploads\/2023\/10\/4-300x200.jpg 300w, https:\/\/oui-iohe.org\/wp-content\/uploads\/2023\/10\/4-768x512.jpg 768w, https:\/\/oui-iohe.org\/wp-content\/uploads\/2023\/10\/4-391x260.jpg 391w, https:\/\/oui-iohe.org\/wp-content\/uploads\/2023\/10\/4-1536x1024.jpg 1536w, https:\/\/oui-iohe.org\/wp-content\/uploads\/2023\/10\/4-2048x1365.jpg 2048w\" sizes=\"auto, (max-width: 1024px) 100vw, 1024px\" \/><\/p>\n<p><strong>Taller \u201cFortaleciendo la cultura organizacional para el cambio\u201d<\/strong><\/p>\n<p><strong>28 y 29 de septiembre 2023<\/strong><\/p>\n<p>La Dra. Leticia Jim\u00e9nez, Directora Acad\u00e9mica de la Organizaci\u00f3n Universitaria Interamericana (OUI) imparti\u00f3 el Taller \u201cFortaleciendo la cultura organizacional para el cambio\u201d a directivos, docentes y personal administrativo de la Universidad Modular Abierta (UMA), pertenecientes a las sedes del Centro Regional de Santa Ana, d\u00f3nde asistieron 60 personas, Centro Regional de Sonsonate, asistieron 75 personas y en la sede central San Salvador, asistieron 30 personas.<\/p>\n<p>En el Taller se abordaron tem\u00e1ticas relacionadas con el cambio y fortalecimiento de la cultura de las instituciones, con la finalidad de cambiar el pensamiento de los equipos de trabajos para mejorar e incentivar a mirar otros caminos.<\/p>\n<p><img loading=\"lazy\" decoding=\"async\" class=\"alignnone wp-image-14637 size-large\" src=\"https:\/\/oui-iohe.org\/wp-content\/uploads\/2023\/10\/SONSONATE4-1024x640.jpeg\" alt=\"\" width=\"1024\" height=\"640\" srcset=\"https:\/\/oui-iohe.org\/wp-content\/uploads\/2023\/10\/SONSONATE4-1024x640.jpeg 1024w, https:\/\/oui-iohe.org\/wp-content\/uploads\/2023\/10\/SONSONATE4-300x188.jpeg 300w, https:\/\/oui-iohe.org\/wp-content\/uploads\/2023\/10\/SONSONATE4-768x480.jpeg 768w, https:\/\/oui-iohe.org\/wp-content\/uploads\/2023\/10\/SONSONATE4-1536x960.jpeg 1536w, https:\/\/oui-iohe.org\/wp-content\/uploads\/2023\/10\/SONSONATE4.jpeg 1600w\" sizes=\"auto, (max-width: 1024px) 100vw, 1024px\" \/><\/p>\n<p><strong>Congreso Internacional \u201cEducaci\u00f3n e Innovaci\u00f3n\u201d<\/strong><\/p>\n<p><strong>30 de septiembre 2023<\/strong><\/p>\n<p>La Universidad Modular Abierta (UMA) desarroll\u00f3 el Primer Congreso Internacional \u201cEducaci\u00f3n e Innovaci\u00f3n\u201d, el evento dio inicio con las palabras de bienvenida de la Rectora de la instituci\u00f3n, la Dra. Judith Mendoza, quien agradeci\u00f3 la asistencia de todos los participantes.<\/p>\n<p>Posteriormente, la Dra. Leticia Jim\u00e9nez, Directora Acad\u00e9mica de la Organizaci\u00f3n Universitaria Interamericana (OUI) imparti\u00f3 la Conferencia Magistral \u201cAprendizaje h\u00edbrido, un espacio para la innovaci\u00f3n educativa en las IES\u201d, d\u00f3nde abord\u00f3 algunas tem\u00e1ticas importantes como la innovaci\u00f3n, los pilares del cambio en las instituciones y los modelos h\u00edbridos.<\/p>\n<p>Asimismo, tuvo una participaci\u00f3n en el Panel \u201cInnovaciones educativas rumbo al 2030, desaf\u00edos ineludibles por atender\u201d, d\u00f3nde se desarrollaron temas relacionados con la tecnolog\u00eda, que se suman para mejorar la educaci\u00f3n.<\/p>\n<p>Asistieron alrededor de 300 personas y participaron ponentes de distintos pa\u00edses como Argentina, M\u00e9xico, Colombia, Costa Rica y El Salvador, quienes hablaron sobre la educaci\u00f3n digital en tiempos de la inteligencia artificial: oportunidades y desaf\u00edos en el aula del siglo XXI, innovaci\u00f3n en la educaci\u00f3n en el siglo XXI y la educaci\u00f3n y la internalizaci\u00f3n.<\/p>\n<p><img loading=\"lazy\" decoding=\"async\" class=\"alignnone wp-image-14633 size-large\" src=\"https:\/\/oui-iohe.org\/wp-content\/uploads\/2023\/10\/CONGRESO19-1024x683.jpg\" alt=\"\" width=\"1024\" height=\"683\" srcset=\"https:\/\/oui-iohe.org\/wp-content\/uploads\/2023\/10\/CONGRESO19-1024x683.jpg 1024w, https:\/\/oui-iohe.org\/wp-content\/uploads\/2023\/10\/CONGRESO19-300x200.jpg 300w, https:\/\/oui-iohe.org\/wp-content\/uploads\/2023\/10\/CONGRESO19-768x512.jpg 768w, https:\/\/oui-iohe.org\/wp-content\/uploads\/2023\/10\/CONGRESO19-391x260.jpg 391w, https:\/\/oui-iohe.org\/wp-content\/uploads\/2023\/10\/CONGRESO19-1536x1024.jpg 1536w, https:\/\/oui-iohe.org\/wp-content\/uploads\/2023\/10\/CONGRESO19-2048x1365.jpg 2048w\" sizes=\"auto, (max-width: 1024px) 100vw, 1024px\" \/><\/p>\n<p>&nbsp;<\/p>\n","protected":false},"excerpt":{"rendered":"<p>La Doctora Leticia Jim\u00e9nez, Directora Acad\u00e9mica de la OUI estuvo en misi\u00f3n en El Salvador presentando la organizaci\u00f3n a diversas [&hellip;]<\/p>\n","protected":false},"author":4,"featured_media":14641,"comment_status":"closed","ping_status":"closed","sticky":false,"template":"","format":"standard","meta":{"_acf_changed":false,"_monsterinsights_skip_tracking":false,"_monsterinsights_sitenote_active":false,"_monsterinsights_sitenote_note":"","_monsterinsights_sitenote_category":0,"footnotes":""},"categories":[181],"tags":[],"class_list":["post-14628","post","type-post","status-publish","format-standard","has-post-thumbnail","hentry","category-actualidad-actualidad"],"acf":[],"aioseo_notices":[],"_links":{"self":[{"href":"https:\/\/oui-iohe.org\/es\/wp-json\/wp\/v2\/posts\/14628","targetHints":{"allow":["GET"]}}],"collection":[{"href":"https:\/\/oui-iohe.org\/es\/wp-json\/wp\/v2\/posts"}],"about":[{"href":"https:\/\/oui-iohe.org\/es\/wp-json\/wp\/v2\/types\/post"}],"author":[{"embeddable":true,"href":"https:\/\/oui-iohe.org\/es\/wp-json\/wp\/v2\/users\/4"}],"replies":[{"embeddable":true,"href":"https:\/\/oui-iohe.org\/es\/wp-json\/wp\/v2\/comments?post=14628"}],"version-history":[{"count":1,"href":"https:\/\/oui-iohe.org\/es\/wp-json\/wp\/v2\/posts\/14628\/revisions"}],"predecessor-version":[{"id":14645,"href":"https:\/\/oui-iohe.org\/es\/wp-json\/wp\/v2\/posts\/14628\/revisions\/14645"}],"wp:featuredmedia":[{"embeddable":true,"href":"https:\/\/oui-iohe.org\/es\/wp-json\/wp\/v2\/media\/14641"}],"wp:attachment":[{"href":"https:\/\/oui-iohe.org\/es\/wp-json\/wp\/v2\/media?parent=14628"}],"wp:term":[{"taxonomy":"category","embeddable":true,"href":"https:\/\/oui-iohe.org\/es\/wp-json\/wp\/v2\/categories?post=14628"},{"taxonomy":"post_tag","embeddable":true,"href":"https:\/\/oui-iohe.org\/es\/wp-json\/wp\/v2\/tags?post=14628"}],"curies":[{"name":"wp","href":"https:\/\/api.w.org\/{rel}","templated":true}]}}