{"id":16295,"date":"2024-07-04T21:21:09","date_gmt":"2024-07-05T01:21:09","guid":{"rendered":"https:\/\/oui-iohe.org\/?p=16295"},"modified":"2024-07-05T22:31:29","modified_gmt":"2024-07-06T02:31:29","slug":"mision-oui-el-salvador-2024","status":"publish","type":"post","link":"https:\/\/oui-iohe.org\/es\/mision-oui-el-salvador-2024\/","title":{"rendered":"Misi\u00f3n OUI El Salvador 2024"},"content":{"rendered":"<p><em><strong>La Doctora Leticia Jim\u00e9nez, Directora Acad\u00e9mica de la OUI estuvo en misi\u00f3n en El Salvador representando a la organizaci\u00f3n \u00a0en la reuni\u00f3n de trabajo en la que se definieron las prioridades 2024-2025 y tambi\u00e9n particip\u00f3 en el XI Congreso Internacional de Educaci\u00f3n Superior\u00a0 \u00abEducaci\u00f3n Para El Futuro: Estrategias Innovadoras Para La Personalizaci\u00f3n Del Aprendizaje\u00bb.<\/strong><\/em><\/p>\n<p><span style=\"font-weight: 400;\">La misi\u00f3n inici\u00f3 con la\u00a0 Reuni\u00f3n de trabajo: Prioridades OUI 2024-2025 que se realiz\u00f3 el\u00a0 28 de junio en el Edificio E de la Universidad Dr. Andr\u00e9s Bello inici\u00f3 con las palabras de bienvenida de la Dra. Daysi Carolina M. de G\u00f3mez, Consejera Regional de la Vicepresidencia Regional OUI Am\u00e9rica Central.<\/span><\/p>\n<p><span style=\"font-weight: 400;\"> Intervino el Dr. Eduardo Umanzor Serrano, Vicerrector de la Universidad Dr. Andr\u00e9s Bello, qui\u00e9n cedi\u00f3 el micr\u00f3fono a la <\/span><span style=\"font-weight: 400;\">Dra. Leticia Jim\u00e9nez, Directora Acad\u00e9mica de la OUI para hablar sobre las prioridades generales y regionales para 2024 y 2025, as\u00ed c\u00f3mo de los pr\u00f3ximos\u00a0 eventos, entre ellos el <\/span><span style=\"font-weight: 400;\">Congreso de las Am\u00e9ricas sobre Educaci\u00f3n Internacional (CAEI) <\/span><span style=\"font-weight: 400;\">que se realizar\u00e1 en Costa Rica el 15, 16 y 17 de octubre de 2025.\u00a0<\/span><\/p>\n<p><span style=\"font-weight: 400;\">Posteriormente, la Dra. Jim\u00e9nez imparti\u00f3 el Taller \u201cEstilos de Liderazgo y Educaci\u00f3n Superior\u201d, d\u00f3nde expus\u00f3 algunas tem\u00e1ticas y realiz\u00f3 un ejercicio pr\u00e1ctico dirigido a los l\u00edderes universitarios.<\/span><\/p>\n<p><span style=\"font-weight: 400;\">Asistieron alrededor de 18 rectoras, vicerrectores y directivos de instituciones miembro OUI de El Salvador, entre las que se encuentran: la <\/span><span style=\"font-weight: 400;\">Universidad Salvadore\u00f1a Alberto Masferrer<\/span><span style=\"font-weight: 400;\">, Universidad Dr. Andr\u00e9s Bello, <\/span><span style=\"font-weight: 400;\">Universidad Gerardo Barrios<\/span><span style=\"font-weight: 400;\">, <\/span><span style=\"font-weight: 400;\">Universidad Pedag\u00f3gica de El Salvador \u201cDr. Luis Alonso Aparacio\u201d, Universidad Nueva San Salvador, Universidad Evang\u00e9lica de El Salvador, Universidad Modular Abierta, Instituto Especializado de Profesionales de la Salud y la Universidad Centroamericana Jos\u00e9 Sime\u00f3n Ca\u00f1as.<\/span><\/p>\n<p>Tambi\u00e9n se realiz\u00f3 el XI Congreso Internacional de Educaci\u00f3n Superior\u00a0 \u00abEducaci\u00f3n Para El Futuro: Estrategias Innovadoras Para La Personalizaci\u00f3n Del Aprendizaje\u00bb, <span style=\"font-weight: 400;\">\u00a0evento que fue inaugurado con las palabras de la Mtra. Ana Iveth de Umanzor, Rectora de la Universidad Dr. Andr\u00e9s Bello el 29 de junio, y que se realiz\u00f3 en las instalaciones del Hotel Hilton San Salvador.\u00a0<\/span><\/p>\n<p><span style=\"font-weight: 400;\">La Dra. Leticia Jim\u00e9nez llev\u00f3 a cabo la ponencia \u201cEstrategias docentes en la internacionalizaci\u00f3n del curr\u00edculo para la innovaci\u00f3n educativa\u201d, d\u00f3nde expuso algunas herramientas y buenas pr\u00e1cticas enfocadas en internacionalizaci\u00f3n. As\u00ed c\u00f3mo los esfuerzos que se han realizado desde la OUI en este tema.<\/span><\/p>\n<p><span style=\"font-weight: 400;\">Por otra parte, expertos internacionales realizaron ponencias en las que abordaron las tendencias de la educaci\u00f3n superior y el aprendizaje, expusieron tem\u00e1ticas clave como: los desaf\u00edos y compromisos, la neuroeducaci\u00f3n en la pr\u00e1ctica docente, la anal\u00edtica de aprendizaje para abordar el abandono escolar universitario y las estrategias para la ense\u00f1anza efectiva en entornos virtuales.<\/span><\/p>\n<p><span style=\"font-weight: 400;\">Participaron en el evento los siguientes ponentes internacionales:<\/span><\/p>\n<ul>\n<li style=\"font-weight: 400;\" aria-level=\"1\"><span style=\"font-weight: 400;\">Dr. Fabian Basabe, Consultor y Conferencista educativo en Europa y Am\u00e9rica Latina, Profesor visitante en University of Leeds, Inglaterra.<\/span><\/li>\n<li style=\"font-weight: 400;\" aria-level=\"1\"><span style=\"font-weight: 400;\">Mtra. Mariana G\u00f3mez Mej\u00eda, Mag\u00edster en comportamiento del consumidor y Experta en neuropsicolog\u00eda, Universidad Pontificia Bolivariana, Colombia.<\/span><\/li>\n<li style=\"font-weight: 400;\" aria-level=\"1\"><span style=\"font-weight: 400;\">Dra. Johanna Alvarado, Coordinadora de Proyectos y Convocatorias en Living Lab &amp; Data Hub, Instituto para el Futuro de la Educaci\u00f3n, Tecnol\u00f3gico de Monterrey.<\/span><\/li>\n<li style=\"font-weight: 400;\" aria-level=\"1\"><span style=\"font-weight: 400;\">Mtro. Vladimir Valladares, Consultor en e-learning, tecnolog\u00eda educativa y dise\u00f1o instruccional, Organizaci\u00f3n de Estados Iberoamericanos, Chile.<\/span><\/li>\n<\/ul>\n<p>&nbsp;<\/p>\n<p><img loading=\"lazy\" decoding=\"async\" class=\"alignnone size-medium wp-image-16300\" src=\"https:\/\/oui-iohe.org\/wp-content\/uploads\/2024\/07\/1.-Reunion-trabajo-28-junio-300x215.jpg\" alt=\"\" width=\"300\" height=\"215\" srcset=\"https:\/\/oui-iohe.org\/wp-content\/uploads\/2024\/07\/1.-Reunion-trabajo-28-junio-300x215.jpg 300w, https:\/\/oui-iohe.org\/wp-content\/uploads\/2024\/07\/1.-Reunion-trabajo-28-junio-1024x734.jpg 1024w, https:\/\/oui-iohe.org\/wp-content\/uploads\/2024\/07\/1.-Reunion-trabajo-28-junio-768x551.jpg 768w, https:\/\/oui-iohe.org\/wp-content\/uploads\/2024\/07\/1.-Reunion-trabajo-28-junio-1536x1101.jpg 1536w, https:\/\/oui-iohe.org\/wp-content\/uploads\/2024\/07\/1.-Reunion-trabajo-28-junio.jpg 2000w\" sizes=\"auto, (max-width: 300px) 100vw, 300px\" \/> <img loading=\"lazy\" decoding=\"async\" class=\"alignnone size-medium wp-image-16304\" src=\"https:\/\/oui-iohe.org\/wp-content\/uploads\/2024\/07\/1.-Reunion-trabajo-28-junio.-1-300x225.jpg\" alt=\"\" width=\"300\" height=\"225\" srcset=\"https:\/\/oui-iohe.org\/wp-content\/uploads\/2024\/07\/1.-Reunion-trabajo-28-junio.-1-300x225.jpg 300w, https:\/\/oui-iohe.org\/wp-content\/uploads\/2024\/07\/1.-Reunion-trabajo-28-junio.-1-1024x768.jpg 1024w, https:\/\/oui-iohe.org\/wp-content\/uploads\/2024\/07\/1.-Reunion-trabajo-28-junio.-1-768x576.jpg 768w, https:\/\/oui-iohe.org\/wp-content\/uploads\/2024\/07\/1.-Reunion-trabajo-28-junio.-1-1536x1152.jpg 1536w, https:\/\/oui-iohe.org\/wp-content\/uploads\/2024\/07\/1.-Reunion-trabajo-28-junio.-1.jpg 2000w\" sizes=\"auto, (max-width: 300px) 100vw, 300px\" \/> <img loading=\"lazy\" decoding=\"async\" class=\"alignnone size-medium wp-image-16308\" src=\"https:\/\/oui-iohe.org\/wp-content\/uploads\/2024\/07\/1.-Reunion-trabajo-28-junio-1-300x192.jpg\" alt=\"\" width=\"300\" height=\"192\" srcset=\"https:\/\/oui-iohe.org\/wp-content\/uploads\/2024\/07\/1.-Reunion-trabajo-28-junio-1-300x192.jpg 300w, https:\/\/oui-iohe.org\/wp-content\/uploads\/2024\/07\/1.-Reunion-trabajo-28-junio-1-1024x657.jpg 1024w, https:\/\/oui-iohe.org\/wp-content\/uploads\/2024\/07\/1.-Reunion-trabajo-28-junio-1-768x492.jpg 768w, https:\/\/oui-iohe.org\/wp-content\/uploads\/2024\/07\/1.-Reunion-trabajo-28-junio-1-1536x985.jpg 1536w, https:\/\/oui-iohe.org\/wp-content\/uploads\/2024\/07\/1.-Reunion-trabajo-28-junio-1.jpg 1600w\" sizes=\"auto, (max-width: 300px) 100vw, 300px\" \/> <img loading=\"lazy\" decoding=\"async\" class=\"alignnone size-medium wp-image-16312\" src=\"https:\/\/oui-iohe.org\/wp-content\/uploads\/2024\/07\/1.-Reunion-trabajo-28-junio-2-225x300.jpg\" alt=\"\" width=\"225\" height=\"300\" srcset=\"https:\/\/oui-iohe.org\/wp-content\/uploads\/2024\/07\/1.-Reunion-trabajo-28-junio-2-225x300.jpg 225w, https:\/\/oui-iohe.org\/wp-content\/uploads\/2024\/07\/1.-Reunion-trabajo-28-junio-2-768x1024.jpg 768w, https:\/\/oui-iohe.org\/wp-content\/uploads\/2024\/07\/1.-Reunion-trabajo-28-junio-2-300x400.jpg 300w, https:\/\/oui-iohe.org\/wp-content\/uploads\/2024\/07\/1.-Reunion-trabajo-28-junio-2-1152x1536.jpg 1152w, https:\/\/oui-iohe.org\/wp-content\/uploads\/2024\/07\/1.-Reunion-trabajo-28-junio-2.jpg 1536w\" sizes=\"auto, (max-width: 225px) 100vw, 225px\" \/> <img loading=\"lazy\" decoding=\"async\" class=\"alignnone size-medium wp-image-16316\" src=\"https:\/\/oui-iohe.org\/wp-content\/uploads\/2024\/07\/2.-Congreso-UNAB-29-junio.-2-300x135.jpg\" alt=\"\" width=\"300\" height=\"135\" srcset=\"https:\/\/oui-iohe.org\/wp-content\/uploads\/2024\/07\/2.-Congreso-UNAB-29-junio.-2-300x135.jpg 300w, https:\/\/oui-iohe.org\/wp-content\/uploads\/2024\/07\/2.-Congreso-UNAB-29-junio.-2-1024x461.jpg 1024w, https:\/\/oui-iohe.org\/wp-content\/uploads\/2024\/07\/2.-Congreso-UNAB-29-junio.-2-768x346.jpg 768w, https:\/\/oui-iohe.org\/wp-content\/uploads\/2024\/07\/2.-Congreso-UNAB-29-junio.-2-1536x691.jpg 1536w, https:\/\/oui-iohe.org\/wp-content\/uploads\/2024\/07\/2.-Congreso-UNAB-29-junio.-2.jpg 1600w\" sizes=\"auto, (max-width: 300px) 100vw, 300px\" \/> <img loading=\"lazy\" decoding=\"async\" class=\"alignnone size-medium wp-image-16320\" src=\"https:\/\/oui-iohe.org\/wp-content\/uploads\/2024\/07\/2.-Congreso-UNAB-29-junio-300x225.jpg\" alt=\"\" width=\"300\" height=\"225\" srcset=\"https:\/\/oui-iohe.org\/wp-content\/uploads\/2024\/07\/2.-Congreso-UNAB-29-junio-300x225.jpg 300w, https:\/\/oui-iohe.org\/wp-content\/uploads\/2024\/07\/2.-Congreso-UNAB-29-junio-1024x768.jpg 1024w, https:\/\/oui-iohe.org\/wp-content\/uploads\/2024\/07\/2.-Congreso-UNAB-29-junio-768x576.jpg 768w, https:\/\/oui-iohe.org\/wp-content\/uploads\/2024\/07\/2.-Congreso-UNAB-29-junio-1536x1152.jpg 1536w, https:\/\/oui-iohe.org\/wp-content\/uploads\/2024\/07\/2.-Congreso-UNAB-29-junio.jpg 2048w\" sizes=\"auto, (max-width: 300px) 100vw, 300px\" \/> <img loading=\"lazy\" decoding=\"async\" class=\"alignnone size-medium wp-image-16324\" src=\"https:\/\/oui-iohe.org\/wp-content\/uploads\/2024\/07\/2.-Congreso-UNAB-29-junio.-3-300x135.jpg\" alt=\"\" width=\"300\" height=\"135\" srcset=\"https:\/\/oui-iohe.org\/wp-content\/uploads\/2024\/07\/2.-Congreso-UNAB-29-junio.-3-300x135.jpg 300w, https:\/\/oui-iohe.org\/wp-content\/uploads\/2024\/07\/2.-Congreso-UNAB-29-junio.-3-1024x461.jpg 1024w, https:\/\/oui-iohe.org\/wp-content\/uploads\/2024\/07\/2.-Congreso-UNAB-29-junio.-3-768x346.jpg 768w, https:\/\/oui-iohe.org\/wp-content\/uploads\/2024\/07\/2.-Congreso-UNAB-29-junio.-3-1536x691.jpg 1536w, https:\/\/oui-iohe.org\/wp-content\/uploads\/2024\/07\/2.-Congreso-UNAB-29-junio.-3.jpg 1600w\" sizes=\"auto, (max-width: 300px) 100vw, 300px\" \/> <img loading=\"lazy\" decoding=\"async\" class=\"alignnone size-medium wp-image-16328\" src=\"https:\/\/oui-iohe.org\/wp-content\/uploads\/2024\/07\/2.-Congreso-UNAB-29-junio.-1-300x225.jpg\" alt=\"\" width=\"300\" height=\"225\" srcset=\"https:\/\/oui-iohe.org\/wp-content\/uploads\/2024\/07\/2.-Congreso-UNAB-29-junio.-1-300x225.jpg 300w, https:\/\/oui-iohe.org\/wp-content\/uploads\/2024\/07\/2.-Congreso-UNAB-29-junio.-1-1024x768.jpg 1024w, https:\/\/oui-iohe.org\/wp-content\/uploads\/2024\/07\/2.-Congreso-UNAB-29-junio.-1-768x576.jpg 768w, https:\/\/oui-iohe.org\/wp-content\/uploads\/2024\/07\/2.-Congreso-UNAB-29-junio.-1-1536x1152.jpg 1536w, https:\/\/oui-iohe.org\/wp-content\/uploads\/2024\/07\/2.-Congreso-UNAB-29-junio.-1.jpg 2048w\" sizes=\"auto, (max-width: 300px) 100vw, 300px\" \/><\/p>\n","protected":false},"excerpt":{"rendered":"<p>La Doctora Leticia Jim\u00e9nez, Directora Acad\u00e9mica de la OUI estuvo en misi\u00f3n en El Salvador representando a la organizaci\u00f3n \u00a0en [&hellip;]<\/p>\n","protected":false},"author":4,"featured_media":16296,"comment_status":"closed","ping_status":"closed","sticky":false,"template":"","format":"standard","meta":{"_acf_changed":false,"_monsterinsights_skip_tracking":false,"_monsterinsights_sitenote_active":false,"_monsterinsights_sitenote_note":"","_monsterinsights_sitenote_category":0,"footnotes":""},"categories":[181],"tags":[],"class_list":["post-16295","post","type-post","status-publish","format-standard","has-post-thumbnail","hentry","category-actualidad-actualidad"],"acf":[],"aioseo_notices":[],"_links":{"self":[{"href":"https:\/\/oui-iohe.org\/es\/wp-json\/wp\/v2\/posts\/16295","targetHints":{"allow":["GET"]}}],"collection":[{"href":"https:\/\/oui-iohe.org\/es\/wp-json\/wp\/v2\/posts"}],"about":[{"href":"https:\/\/oui-iohe.org\/es\/wp-json\/wp\/v2\/types\/post"}],"author":[{"embeddable":true,"href":"https:\/\/oui-iohe.org\/es\/wp-json\/wp\/v2\/users\/4"}],"replies":[{"embeddable":true,"href":"https:\/\/oui-iohe.org\/es\/wp-json\/wp\/v2\/comments?post=16295"}],"version-history":[{"count":4,"href":"https:\/\/oui-iohe.org\/es\/wp-json\/wp\/v2\/posts\/16295\/revisions"}],"predecessor-version":[{"id":16348,"href":"https:\/\/oui-iohe.org\/es\/wp-json\/wp\/v2\/posts\/16295\/revisions\/16348"}],"wp:featuredmedia":[{"embeddable":true,"href":"https:\/\/oui-iohe.org\/es\/wp-json\/wp\/v2\/media\/16296"}],"wp:attachment":[{"href":"https:\/\/oui-iohe.org\/es\/wp-json\/wp\/v2\/media?parent=16295"}],"wp:term":[{"taxonomy":"category","embeddable":true,"href":"https:\/\/oui-iohe.org\/es\/wp-json\/wp\/v2\/categories?post=16295"},{"taxonomy":"post_tag","embeddable":true,"href":"https:\/\/oui-iohe.org\/es\/wp-json\/wp\/v2\/tags?post=16295"}],"curies":[{"name":"wp","href":"https:\/\/api.w.org\/{rel}","templated":true}]}}