{"id":20732,"date":"2026-03-09T16:16:30","date_gmt":"2026-03-09T20:16:30","guid":{"rendered":"https:\/\/oui-iohe.org\/?p=20732"},"modified":"2026-03-09T20:07:52","modified_gmt":"2026-03-10T00:07:52","slug":"sesion-de-apertura-4-de-marzo-2026-curso-politicas-con-perspectiva-de-genero-en-las-instituciones-de-educacion-superior-ies","status":"publish","type":"post","link":"https:\/\/oui-iohe.org\/es\/sesion-de-apertura-4-de-marzo-2026-curso-politicas-con-perspectiva-de-genero-en-las-instituciones-de-educacion-superior-ies\/","title":{"rendered":"Sesi\u00f3n de apertura 4 de marzo 2026 &#8211; Curso \u201cPol\u00edticas con perspectiva de g\u00e9nero en las Instituciones de Educaci\u00f3n Superior (IES)\u201d"},"content":{"rendered":"<p><span style=\"font-weight: 400;\">Se llev\u00f3 a cabo la sesi\u00f3n de apertura del curso \u201cPol\u00edticas con perspectiva de g\u00e9nero en las Instituciones de Educaci\u00f3n Superior (IES)\u201d.<\/span><\/p>\n<p><span style=\"font-weight: 400;\">Este espacio de formaci\u00f3n que re\u00fane a rectoras, vicerrectoras y directivas universitarias comprometidas con el fortalecimiento de la igualdad de g\u00e9nero en la educaci\u00f3n superior, inici\u00f3 con las palabras de bienvenida de la Dra. Leticia Jim\u00e9nez, Directora Acad\u00e9mica, quien adem\u00e1s present\u00f3 a la tutora del programa, Mg. Anal\u00eda Auc\u00eda.<\/span><\/p>\n<p><span style=\"font-weight: 400;\">En esta edici\u00f3n participan 20 mujeres l\u00edderes acad\u00e9micas provenientes de instituciones de El Salvador, Colombia, Ecuador, M\u00e9xico, Costa Rica, Paraguay y Argentina, quienes durante las pr\u00f3ximas semanas trabajar\u00e1n en el desarrollo de competencias y herramientas para analizar, dise\u00f1ar e impulsar estrategias institucionales que promuevan la inclusi\u00f3n y la igualdad de oportunidades en las IES.<\/span><\/p>\n<p><span style=\"font-weight: 400;\">Este proceso formativo fortalece el liderazgo de las mujeres en la educaci\u00f3n superior y contribuye a la construcci\u00f3n de instituciones m\u00e1s inclusivas, equitativas y comprometidas con la transformaci\u00f3n social.<\/span><\/p>\n<p><img loading=\"lazy\" decoding=\"async\" class=\"alignnone wp-image-20733 \" src=\"https:\/\/oui-iohe.org\/wp-content\/uploads\/2026\/03\/1.-Sesion-PGIES-.jpeg\" alt=\"\" width=\"357\" height=\"328\" \/><\/p>\n<p>&nbsp;<\/p>\n","protected":false},"excerpt":{"rendered":"<p>Se llev\u00f3 a cabo la sesi\u00f3n de apertura del curso \u201cPol\u00edticas con perspectiva de g\u00e9nero en las Instituciones de Educaci\u00f3n [&hellip;]<\/p>\n","protected":false},"author":4,"featured_media":20743,"comment_status":"closed","ping_status":"closed","sticky":false,"template":"","format":"standard","meta":{"_acf_changed":false,"_monsterinsights_skip_tracking":false,"_monsterinsights_sitenote_active":false,"_monsterinsights_sitenote_note":"","_monsterinsights_sitenote_category":0,"footnotes":""},"categories":[181],"tags":[],"class_list":["post-20732","post","type-post","status-publish","format-standard","has-post-thumbnail","hentry","category-actualidad-actualidad"],"acf":[],"aioseo_notices":[],"_links":{"self":[{"href":"https:\/\/oui-iohe.org\/es\/wp-json\/wp\/v2\/posts\/20732","targetHints":{"allow":["GET"]}}],"collection":[{"href":"https:\/\/oui-iohe.org\/es\/wp-json\/wp\/v2\/posts"}],"about":[{"href":"https:\/\/oui-iohe.org\/es\/wp-json\/wp\/v2\/types\/post"}],"author":[{"embeddable":true,"href":"https:\/\/oui-iohe.org\/es\/wp-json\/wp\/v2\/users\/4"}],"replies":[{"embeddable":true,"href":"https:\/\/oui-iohe.org\/es\/wp-json\/wp\/v2\/comments?post=20732"}],"version-history":[{"count":3,"href":"https:\/\/oui-iohe.org\/es\/wp-json\/wp\/v2\/posts\/20732\/revisions"}],"predecessor-version":[{"id":20747,"href":"https:\/\/oui-iohe.org\/es\/wp-json\/wp\/v2\/posts\/20732\/revisions\/20747"}],"wp:featuredmedia":[{"embeddable":true,"href":"https:\/\/oui-iohe.org\/es\/wp-json\/wp\/v2\/media\/20743"}],"wp:attachment":[{"href":"https:\/\/oui-iohe.org\/es\/wp-json\/wp\/v2\/media?parent=20732"}],"wp:term":[{"taxonomy":"category","embeddable":true,"href":"https:\/\/oui-iohe.org\/es\/wp-json\/wp\/v2\/categories?post=20732"},{"taxonomy":"post_tag","embeddable":true,"href":"https:\/\/oui-iohe.org\/es\/wp-json\/wp\/v2\/tags?post=20732"}],"curies":[{"name":"wp","href":"https:\/\/api.w.org\/{rel}","templated":true}]}}