{"id":14599,"date":"2023-09-20T15:51:04","date_gmt":"2023-09-20T19:51:04","guid":{"rendered":"https:\/\/oui-iohe.org\/conferencia-internacionalizacion-del-curriculo\/"},"modified":"2023-10-04T16:12:24","modified_gmt":"2023-10-04T20:12:24","slug":"conferencia-internacionalizacion-del-curriculo","status":"publish","type":"post","link":"https:\/\/oui-iohe.org\/fr\/conferencia-internacionalizacion-del-curriculo\/","title":{"rendered":"Conf\u00e9rence \u00ab Internationalisation du curriculum \u00bb"},"content":{"rendered":"<p><em><strong>Internationalisation du module curriculaire : une approche connective \u00e0 la 13e \u00e9dition du Dipl\u00f4me d&rsquo;internationalisation de l&rsquo;enseignement sup\u00e9rieur (DIES)<\/strong><\/em><\/p>\n<p>L&rsquo;ouverture de la conf\u00e9rence comprenait les mots de bienvenue du Dr Leticia Jim\u00e9nez, directrice acad\u00e9mique d&rsquo;OUI et de Mtra. Catalina Cerquera, coordinatrice acad\u00e9mique du cours, qui a pr\u00e9sent\u00e9 l&rsquo;expert invit\u00e9, le Dr Gerardo Blanco, directeur acad\u00e9mique du Center for International Higher Education du Boston College et membre du conseil consultatif de l&rsquo;OUI.<br \/>\nPar la suite, le Dr Blanco a commenc\u00e9 \u00e0 parler de l&rsquo;avenir de l&rsquo;internationalisation, du plan d&rsquo;\u00e9tudes internationalis\u00e9es et s&rsquo;est concentr\u00e9 sur les d\u00e9fis actuellement pr\u00e9sents en EE. UU. Elle s&rsquo;est termin\u00e9e par une s\u00e9ance de questions et r\u00e9ponses des participants qui ont fait part de leurs commentaires et de leurs remerciements pour leur excellente contribution. Enfin, la cl\u00f4ture et les adieux du Dr Jim\u00e9nez.<br \/>\nCe troisi\u00e8me module du Dipl\u00f4me d&rsquo;internationalisation de l&rsquo;enseignement sup\u00e9rieur permet aux participants de concevoir des strat\u00e9gies pour int\u00e9grer une dimension internationale dans le programme \u00e0 partir d&rsquo;une approche connective.<br \/>\n50 directeurs, coordinateurs et enseignants de diff\u00e9rents \u00e9tablissements d&rsquo;enseignement sup\u00e9rieur appartenant au Br\u00e9sil, au Chili, \u00e0 l&rsquo;\u00c9quateur, au Salvador, au Honduras, au Mexique, \u00e0 Porto Rico et au Venezuela ont particip\u00e9 au module.<br \/>\nLe Dipl\u00f4me d&rsquo;Internationalisation de l&rsquo;Enseignement Sup\u00e9rieur comporte trois modules :<br \/>\n-Planification et gestion de l&rsquo;internationalisation<br \/>\n-Strat\u00e9gies de mobilit\u00e9 acad\u00e9mique<br \/>\n-Internationalisation du Curriculum : une approche connective<\/p>\n<p><img loading=\"lazy\" decoding=\"async\" class=\"alignnone wp-image-14593 size-large\" src=\"https:\/\/oui-iohe.org\/wp-content\/uploads\/2023\/10\/dies-1024x683.gif\" alt=\"\" width=\"1024\" height=\"683\" srcset=\"https:\/\/oui-iohe.org\/wp-content\/uploads\/2023\/10\/dies-1024x683.gif 1024w, https:\/\/oui-iohe.org\/wp-content\/uploads\/2023\/10\/dies-300x200.gif 300w, https:\/\/oui-iohe.org\/wp-content\/uploads\/2023\/10\/dies-768x512.gif 768w, https:\/\/oui-iohe.org\/wp-content\/uploads\/2023\/10\/dies-391x260.gif 391w\" sizes=\"auto, (max-width: 1024px) 100vw, 1024px\" \/><\/p>\n","protected":false},"excerpt":{"rendered":"<p>Internationalisation du module curriculaire : une approche connective \u00e0 la 13e \u00e9dition du Dipl\u00f4me d&rsquo;internationalisation de l&rsquo;enseignement sup\u00e9rieur (DIES) L&rsquo;ouverture [&hellip;]<\/p>\n","protected":false},"author":4,"featured_media":14595,"comment_status":"closed","ping_status":"closed","sticky":false,"template":"","format":"standard","meta":{"_acf_changed":false,"_monsterinsights_skip_tracking":false,"_monsterinsights_sitenote_active":false,"_monsterinsights_sitenote_note":"","_monsterinsights_sitenote_category":0,"footnotes":""},"categories":[179],"tags":[],"class_list":["post-14599","post","type-post","status-publish","format-standard","has-post-thumbnail","hentry","category-actualite"],"acf":[],"aioseo_notices":[],"_links":{"self":[{"href":"https:\/\/oui-iohe.org\/fr\/wp-json\/wp\/v2\/posts\/14599","targetHints":{"allow":["GET"]}}],"collection":[{"href":"https:\/\/oui-iohe.org\/fr\/wp-json\/wp\/v2\/posts"}],"about":[{"href":"https:\/\/oui-iohe.org\/fr\/wp-json\/wp\/v2\/types\/post"}],"author":[{"embeddable":true,"href":"https:\/\/oui-iohe.org\/fr\/wp-json\/wp\/v2\/users\/4"}],"replies":[{"embeddable":true,"href":"https:\/\/oui-iohe.org\/fr\/wp-json\/wp\/v2\/comments?post=14599"}],"version-history":[{"count":3,"href":"https:\/\/oui-iohe.org\/fr\/wp-json\/wp\/v2\/posts\/14599\/revisions"}],"predecessor-version":[{"id":14607,"href":"https:\/\/oui-iohe.org\/fr\/wp-json\/wp\/v2\/posts\/14599\/revisions\/14607"}],"wp:featuredmedia":[{"embeddable":true,"href":"https:\/\/oui-iohe.org\/fr\/wp-json\/wp\/v2\/media\/14595"}],"wp:attachment":[{"href":"https:\/\/oui-iohe.org\/fr\/wp-json\/wp\/v2\/media?parent=14599"}],"wp:term":[{"taxonomy":"category","embeddable":true,"href":"https:\/\/oui-iohe.org\/fr\/wp-json\/wp\/v2\/categories?post=14599"},{"taxonomy":"post_tag","embeddable":true,"href":"https:\/\/oui-iohe.org\/fr\/wp-json\/wp\/v2\/tags?post=14599"}],"curies":[{"name":"wp","href":"https:\/\/api.w.org\/{rel}","templated":true}]}}