{"id":2102,"date":"2017-05-03T17:00:41","date_gmt":"2017-05-03T21:00:41","guid":{"rendered":"https:\/\/oui-iohe.org\/?p=2102"},"modified":"2019-01-08T12:52:17","modified_gmt":"2019-01-08T17:52:17","slug":"oui-chili-cruch","status":"publish","type":"post","link":"https:\/\/oui-iohe.org\/fr\/oui-chili-cruch\/","title":{"rendered":"L\u2019OUI au Chili &#8211; R\u00e9unions du Comit\u00e9 de Direction, du Conseil d\u2019administration OUI et atelier CRUCH"},"content":{"rendered":"<p>&nbsp;<\/p>\n<p>Les r\u00e9unions du Comit\u00e9 de Direction et du Conseil d\u2019administration de l\u2019<strong>Organisation universitaire interam\u00e9ricaine (OUI)<\/strong> ont eu lieu entre les 24 et 28 avril 2017, \u00e0 Osorno et Santiago, au Chili, sous les auspices de l\u2019<a href=\"http:\/\/www.ulagos.cl\/\"><strong><em>Universidad de Los Lagos<\/em>, <\/strong><\/a>si\u00e8ge de la Vice-pr\u00e9sidence r\u00e9gionale des Pays andins et de la Vice-pr\u00e9sidence de l\u2019Organisation. La deuxi\u00e8me rencontre a \u00e9t\u00e9 pr\u00e9c\u00e9d\u00e9e d\u2019un s\u00e9minaire international organis\u00e9 par l\u2019institution h\u00f4te, le <strong><a href=\"http:\/\/www.consejoderectores.cl\/\">Conseil des recteurs du Chili (CRUCH)<\/a><\/strong> et l\u2019<strong><a href=\"https:\/\/www.utem.cl\/\"><em>Universidad Tecnol\u00f3gica Metropolitana<\/em> (UTEM).<\/a><\/strong><\/p>\n<p>La r\u00e9union du Comit\u00e9 de Direction, tenue \u00e0 Osorno, a analys\u00e9 les avanc\u00e9es de son agenda pour 2017, lequel s\u2019inscrit dans le cadre du d\u00e9veloppement du <em><a href=\"http:\/\/www.oui-iohe.org\/assets\/Plan-OUI-2017-2022-FR.pdf\">Plan strat\u00e9gique OUI 2017-2022.<\/a><\/em>\u00a0 Le Dr David Julien, secr\u00e9taire g\u00e9n\u00e9ral ex\u00e9cutif, ainsi que les directeurs ex\u00e9cutifs des programmes de l\u2019Organisation: le Dr Miguel Escala, de l\u2019Institut de gestion et de leadership universitaires (IGLU), Fernando Daniels, du Coll\u00e8ge des Am\u00e9riques (COLAM), la Dre Rosa Montes, du programme CAMPUS, et Jimena S\u00e1nchez, de l\u2019Espace des femmes leaders d\u2019Institutions d\u2019Enseignement sup\u00e9rieur des Am\u00e9riques (EMULIES), ont pris part \u00e0 la r\u00e9union o\u00f9 ont \u00e9t\u00e9 discut\u00e9es les activit\u00e9s \u00e0 venir, les forces et les d\u00e9fis.<\/p>\n<p>\u00c0 Santiago, le 27 avril, ont eu lieu le S\u00e9minaire \u201cInternationalisation et Coop\u00e9ration universitaire dans les Am\u00e9riques\u201d, \u00e0 l\u2019UTEM, et une activit\u00e9 de R\u00e9seautage avec des repr\u00e9sentants du CRUCH.\u00a0 \u00c0 ces deux \u00e9v\u00e9nements ont pris part 39 d\u00e9l\u00e9gu\u00e9s des diff\u00e9rentes universit\u00e9s chiliennes et les membres du Conseil d\u2019administration de l\u2019OUI.<\/p>\n<p>\u201cCe fut une journ\u00e9e tr\u00e8s productive et un privil\u00e8ge de pouvoir pr\u00e9senter l\u2019OUI et le CAEI aux 27 recteurs du CRUCH qui est, \u00e0 son tour, un des 36 membres associ\u00e9s au CAEI. Nous avons pu discuter de la strat\u00e9gie de mobilisation pour l\u2019\u00e9v\u00e9nement d\u2019octobre et les relations bilat\u00e9rales entre les universit\u00e9s de nos pays membres et le Chili\u201d, a d\u00e9clar\u00e9 le Dr David Julien.<\/p>\n<p>Le jour suivant, s\u2019est tenue la LXXVII R\u00e9union du Conseil d\u2019administration, laquelle a \u00e9t\u00e9 conduite par le Dr Allan Cahoon, pr\u00e9sident de l\u2019Organisation et de <em>Royal Roads University<\/em> (Canada), le Dr \u00d3scar Garrido, vice-pr\u00e9sident de l\u2019OUI et de la r\u00e9gion Pays andins, recteur de l\u2019<em>Universidad de Los Lagos<\/em> et h\u00f4te de la r\u00e9union. \u00c9taient aussi pr\u00e9sents le vice-pr\u00e9sident r\u00e9gional de la Colombie, le vice-pr\u00e9sident suppl\u00e9ant du Br\u00e9sil, les secr\u00e9taires ex\u00e9cutifs r\u00e9gionaux de l\u2019Am\u00e9rique centrale, du Br\u00e9sil, de la Cara\u00efbe, de la Colombie, du C\u00f4ne sud et du Mexique, ainsi que les directeurs ex\u00e9cutifs de CAMPUS, COLAM, EMULIES et IGLU.<\/p>\n<p>Cette r\u00e9union de 2017 s\u2019est tenue la premi\u00e8re ann\u00e9e d\u2019activit\u00e9s du <em><a href=\"http:\/\/www.oui-iohe.org\/assets\/Plan-OUI-2017-2022-FR.pdf\">Plan strat\u00e9gique OUI 2017-2022,<\/a><\/em> adopt\u00e9 lors de la <em>XXXVI Assembl\u00e9e g\u00e9n\u00e9rale des membres<\/em> en novembre dernier, \u00e0 Guadalajara, Mexique, et a permis de discuter des questions relatives aux Vice-pr\u00e9sidences et aux programmes afin de contribuer \u00e0 la r\u00e9alisation des activit\u00e9s pr\u00e9vues pour l\u2019ann\u00e9e en cours et tout au long du quinquennat strat\u00e9gique.<\/p>\n<p>\u201cCette rencontre nous a enrichis et aid\u00e9s \u00e0 nous assurer d\u2019un espace pour pouvoir r\u00e9pondre aux questions des Vice-pr\u00e9sidences et ainsi d\u00e9terminer ce que peut faire l\u2019OUI \u00e0 atteindre les objectifs que les recteurs pr\u00e9sents au Conseil d\u2019administration ont assum\u00e9s. \u00a0De plus, elle nous sert \u00e0 \u00e9tablir nos succ\u00e8s, nos forces et nos d\u00e9fis\u201d, a indiqu\u00e9 le Dr Cahoon\u201d.<\/p>\n<p>De la m\u00eame fa\u00e7on, le vice-pr\u00e9sident de l\u2019Organisation et recteur de l\u2019<em>Universidad de Los Lagos<\/em> a exprim\u00e9 sa satisfaction devant les r\u00e9sultats obtenus par les activit\u00e9s r\u00e9alis\u00e9es dans les deux villes.<\/p>\n<p>Il convient de souligner aussi que nous proc\u00e9derons cette ann\u00e9e \u00e0 l\u2019\u00e9lection d\u2019un pr\u00e9sident et de vice-pr\u00e9sidents r\u00e9gionaux en Am\u00e9rique centrale, la Colombie, le C\u00f4ne sud, le Mexique et les Pays andins.\u00a0 \u00c0 ce propos, les processus d\u2019\u00e9lection respectifs se tiendront \u00e0 partir de juin prochain en vue de leur ratification durant la XXXVII Assembl\u00e9e g\u00e9n\u00e9rale des membres, qui aura lieu le 10 octobre 2017, \u00e0 Montr\u00e9al, Canada.<\/p>\n<p>Pour le second semestre de cette ann\u00e9e, l\u2019OUI pr\u00e9pare des dizaines d\u2019\u00e9v\u00e9nements et d\u2019activit\u00e9s dans le but de contribuer au d\u00e9veloppement de l\u2019Enseignement sup\u00e9rieur sur le continent, notamment le <a href=\"https:\/\/www.caie-caei.org\/\">Congr\u00e8s des Am\u00e9riques sur l\u2019\u00e9ducation internationale (CAEI)<\/a>, du 11 au 13 octobre, \u00e0 Montr\u00e9al, Canada.<em>\u00a0<\/em><\/p>\n<p>Consultez les informations sur le CAEI, les Rencontres EMULIES et EIESTEC, ainsi que sur les cours IGLU, le Colloque international SOCIAL-CAMPUS et les formations du COLAM dans le <em><a href=\"http:\/\/www.oui-iohe.org\/assets\/2017-03-24-Plan-de-actividades-2017-FR.pdf\">Plan d\u2019activit\u00e9s OUI 2017.<\/a><\/em><\/p>\n","protected":false},"excerpt":{"rendered":"<p>&nbsp; Les r\u00e9unions du Comit\u00e9 de Direction et du Conseil d\u2019administration de l\u2019Organisation universitaire interam\u00e9ricaine (OUI) ont eu lieu entre [&hellip;]<\/p>\n","protected":false},"author":4,"featured_media":0,"comment_status":"open","ping_status":"open","sticky":false,"template":"","format":"standard","meta":{"_acf_changed":false,"_monsterinsights_skip_tracking":false,"_monsterinsights_sitenote_active":false,"_monsterinsights_sitenote_note":"","_monsterinsights_sitenote_category":0,"footnotes":""},"categories":[179],"tags":[],"class_list":["post-2102","post","type-post","status-publish","format-standard","hentry","category-actualite"],"acf":[],"aioseo_notices":[],"_links":{"self":[{"href":"https:\/\/oui-iohe.org\/fr\/wp-json\/wp\/v2\/posts\/2102","targetHints":{"allow":["GET"]}}],"collection":[{"href":"https:\/\/oui-iohe.org\/fr\/wp-json\/wp\/v2\/posts"}],"about":[{"href":"https:\/\/oui-iohe.org\/fr\/wp-json\/wp\/v2\/types\/post"}],"author":[{"embeddable":true,"href":"https:\/\/oui-iohe.org\/fr\/wp-json\/wp\/v2\/users\/4"}],"replies":[{"embeddable":true,"href":"https:\/\/oui-iohe.org\/fr\/wp-json\/wp\/v2\/comments?post=2102"}],"version-history":[{"count":1,"href":"https:\/\/oui-iohe.org\/fr\/wp-json\/wp\/v2\/posts\/2102\/revisions"}],"predecessor-version":[{"id":2103,"href":"https:\/\/oui-iohe.org\/fr\/wp-json\/wp\/v2\/posts\/2102\/revisions\/2103"}],"wp:attachment":[{"href":"https:\/\/oui-iohe.org\/fr\/wp-json\/wp\/v2\/media?parent=2102"}],"wp:term":[{"taxonomy":"category","embeddable":true,"href":"https:\/\/oui-iohe.org\/fr\/wp-json\/wp\/v2\/categories?post=2102"},{"taxonomy":"post_tag","embeddable":true,"href":"https:\/\/oui-iohe.org\/fr\/wp-json\/wp\/v2\/tags?post=2102"}],"curies":[{"name":"wp","href":"https:\/\/api.w.org\/{rel}","templated":true}]}}