{"id":2110,"date":"2017-04-10T17:00:04","date_gmt":"2017-04-10T21:00:04","guid":{"rendered":"https:\/\/oui-iohe.org\/?p=2110"},"modified":"2019-01-08T14:37:09","modified_gmt":"2019-01-08T19:37:09","slug":"emulies-oui","status":"publish","type":"post","link":"https:\/\/oui-iohe.org\/fr\/emulies-oui\/","title":{"rendered":"EMULIES, nouveau programme de l\u2019OUI"},"content":{"rendered":"<p>&nbsp;<\/p>\n<p>L\u2019<strong>Espace de femmes leaders d\u2019institutions d\u2019enseignement sup\u00e9rieur des Am\u00e9riques (EMULIES) <\/strong>est devenu en 2016\u00a0le quatri\u00e8me programme de l\u2019<strong>Organisation universitaire interam\u00e9ricaine (OUI). <\/strong>Cette d\u00e9cision a \u00e9t\u00e9 prise cinq ans apr\u00e8s la cr\u00e9ation de l\u2019initiative qui a gagn\u00e9 en pertinence tout au long de cette p\u00e9riode gr\u00e2ce \u00e0 la r\u00e9alisation d\u2019importantes activit\u00e9s centr\u00e9es sur les \u00e9changes acad\u00e9miques, le d\u00e9veloppement de capacit\u00e9s de gestion universitaire et la coop\u00e9ration entre les femmes leaders des institutions d\u2019enseignement sup\u00e9rieur des Am\u00e9riques.<\/p>\n<p>La <em><u><a href=\"http:\/\/www.pucp.edu.pe\/\">Pontificia Universidad Cat\u00f3lica del Per\u00fa (PUCP),<\/a><\/u><\/em> \u00e0 Lima, au P\u00e9rou, en est le si\u00e8ge et Jimena S\u00e1nchez, r\u00e9put\u00e9e sociologue sp\u00e9cialis\u00e9e dans les questions de genre, dirigera cet espace qui jusqu\u2019en novembre 2016 avait \u00e9t\u00e9 d\u00e9velopp\u00e9 et administr\u00e9 par le Coll\u00e8ge des Am\u00e9riques (COLAM-OUI).<\/p>\n<p>Madame S\u00e1nchez a particip\u00e9 au Sommet G-NET 2017. G-NET \u00e9 un r\u00e9seau d\u2019universit\u00e9s d\u2019Europe et d\u2019Am\u00e9rique latine qui d\u00e9veloppe des mat\u00e9riaux et dispense des cours sur le genre et l\u2019int\u00e9gration europ\u00e9enne, qui traite du principe d\u2019\u00e9galit\u00e9 et des politiques de genre dans les processus d\u2019int\u00e9gration dans les deux r\u00e9gions. La directrice ex\u00e9cutive sera aussi pr\u00e9sente au Congr\u00e8s des femmes leaders de l\u2019Am\u00e9rique centrale, les 24 et 25 mai 2017, \u00e0 <em>l\u2019Universidad T\u00e9cnica Nacional <\/em>du Costa Rica.<\/p>\n<p>\u201cEMULIES et l\u2019autonomisation des femmes dans les institutions d\u2019enseignement sup\u00e9rieur de nos pays repr\u00e9sentent les probl\u00e9matiques les plus importantes inscrits sur notre agenda. Cette \u00e9volution d\u00e9montre encore une fois que l\u2019OUI joue un r\u00f4le de premier plan dans les domaines les plus sensibles et importants de l\u2019\u00e9ducation et des soci\u00e9t\u00e9s de l\u2019Am\u00e9rique\u201d, a affirm\u00e9 le Dr. David Julien, secr\u00e9taire g\u00e9n\u00e9ral ex\u00e9cutif de l\u2019organisation.<\/p>\n<p>Afin de fournir \u00e0 EMULIES les outils institutionnels qui assurent le bon fonctionnement, tout comme les autres programme de l\u2019OUI (le COLAM, l\u2019Institut de gestion\u00a0et de leadership universitaires\u00a0-IGLU et CAMPUS), cet espace aura un Conseil Sup\u00e9rieur. L\u2019entit\u00e9 est compos\u00e9e de cinq femmes qui ont men\u00e9 une carri\u00e8re exceptionnelle dans l\u2019enseignement sup\u00e9rieur au continent et provenant de l\u2019Argentine, du Canada, du Chili, du Mexique et du P\u00e9rou:<\/p>\n<ul>\n<li>Pepi Patr\u00f3n, vice-rectrice \u00e0 la Recherche, PUCP, P\u00e9rou;<\/li>\n<li>Glaucia Maria Pastore, vice-rectrice \u00e0 la Recherche, <em>Universidade Estadual\u00a0 de Campinas<\/em>, Br\u00e9sil;<\/li>\n<li>Sara Ladr\u00f3n de Guevara, rectrice, <em>Universidad Veracruzana,<\/em>\u00a0Mexique;<\/li>\n<li>Patricia Rojo, directrice, <em>Universidad Nacional del Sur<\/em>, Argentine;<\/li>\n<li>St\u00e9phanie Dion, directrice des Relations internationales, Universit\u00e9 de Montr\u00e9al, Canada.<\/li>\n<\/ul>\n<p>De plus, durant leur premi\u00e8re r\u00e9union virtuelle, les membres du Conseil ont \u00e9lu \u00e0 l\u2019unanimit\u00e9 la Dre Patr\u00f3n en tant que premi\u00e8re pr\u00e9sidente de EMULIES.<\/p>\n<p>La V Rencontre EMULIES est pr\u00e9vue les 6 et 7 juillet 2017, dans les locaux de la PUCP. Depuis 2011, quatre rencontres EMULIES et de nombreuses activit\u00e9s ont \u00e9t\u00e9 organis\u00e9es au Br\u00e9sil, au Canada, au Costa Rica, en \u00c9quateur, au Mexique, et \u00e0 la R\u00e9publique Dominicaine, qui ont compt\u00e9 sur la participation de plus de 50 rectrices et de centaines de femmes de grande influence dans l\u2019enseignement sup\u00e9rieur des Am\u00e9riques et du monde. Pour de plus amples informations, vous pouvez \u00e9crire au courrier \u00e9lectronique <a href=\"mailto:emulies@oui-iohe.org\">emulies@oui-iohe.org<\/a>.<\/p>\n<p>Par ailleurs, la question du leadership f\u00e9minin aura une vitrine lors de la Cinqui\u00e8me \u00c9dition du <a href=\"http:\/\/www.caie-caei.org\/\">Congr\u00e8s des Am\u00e9riques sur l\u2019\u00e9ducation internationale &#8211; CAEI<\/a> (11-13 octobre 2017, Montr\u00e9al, Canada) o\u00f9 EMULIES jouera un r\u00f4le de premier plan, et aussi dans la s\u00e9rie de webinaires CAEI Canada-2017, qui sert de pr\u00e9ambule \u00e0 cette rencontre continentale \u00e0 laquelle participeront pr\u00e8s de 600 leaders de l\u2019enseignement sup\u00e9rieur. La conf\u00e9rence virtuelle a pour titre \u00ab\u00a0EMULIES: augmentation de l\u2019acc\u00e8s et la stratification de l\u2019enseignement sup\u00e9rieur au Br\u00e9sil\u00a0\u00bb et sera prononc\u00e9e le 20 juillet 2017, par Helena Sampaio, professeure de l\u2019<em>Universidade Estadual de Campinas<\/em>, Br\u00e9sil.<\/p>\n","protected":false},"excerpt":{"rendered":"<p>&nbsp; L\u2019Espace de femmes leaders d\u2019institutions d\u2019enseignement sup\u00e9rieur des Am\u00e9riques (EMULIES) est devenu en 2016\u00a0le quatri\u00e8me programme de l\u2019Organisation universitaire [&hellip;]<\/p>\n","protected":false},"author":4,"featured_media":0,"comment_status":"open","ping_status":"open","sticky":false,"template":"","format":"standard","meta":{"_acf_changed":false,"_monsterinsights_skip_tracking":false,"_monsterinsights_sitenote_active":false,"_monsterinsights_sitenote_note":"","_monsterinsights_sitenote_category":0,"footnotes":""},"categories":[179],"tags":[],"class_list":["post-2110","post","type-post","status-publish","format-standard","hentry","category-actualite"],"acf":[],"aioseo_notices":[],"_links":{"self":[{"href":"https:\/\/oui-iohe.org\/fr\/wp-json\/wp\/v2\/posts\/2110","targetHints":{"allow":["GET"]}}],"collection":[{"href":"https:\/\/oui-iohe.org\/fr\/wp-json\/wp\/v2\/posts"}],"about":[{"href":"https:\/\/oui-iohe.org\/fr\/wp-json\/wp\/v2\/types\/post"}],"author":[{"embeddable":true,"href":"https:\/\/oui-iohe.org\/fr\/wp-json\/wp\/v2\/users\/4"}],"replies":[{"embeddable":true,"href":"https:\/\/oui-iohe.org\/fr\/wp-json\/wp\/v2\/comments?post=2110"}],"version-history":[{"count":2,"href":"https:\/\/oui-iohe.org\/fr\/wp-json\/wp\/v2\/posts\/2110\/revisions"}],"predecessor-version":[{"id":2121,"href":"https:\/\/oui-iohe.org\/fr\/wp-json\/wp\/v2\/posts\/2110\/revisions\/2121"}],"wp:attachment":[{"href":"https:\/\/oui-iohe.org\/fr\/wp-json\/wp\/v2\/media?parent=2110"}],"wp:term":[{"taxonomy":"category","embeddable":true,"href":"https:\/\/oui-iohe.org\/fr\/wp-json\/wp\/v2\/categories?post=2110"},{"taxonomy":"post_tag","embeddable":true,"href":"https:\/\/oui-iohe.org\/fr\/wp-json\/wp\/v2\/tags?post=2110"}],"curies":[{"name":"wp","href":"https:\/\/api.w.org\/{rel}","templated":true}]}}