{"id":2161,"date":"2017-02-21T17:00:27","date_gmt":"2017-02-21T22:00:27","guid":{"rendered":"https:\/\/oui-iohe.org\/iohe-ccid\/"},"modified":"2019-01-08T15:30:51","modified_gmt":"2019-01-08T20:30:51","slug":"oui-ccid","status":"publish","type":"post","link":"https:\/\/oui-iohe.org\/fr\/oui-ccid\/","title":{"rendered":"L\u2019OUI \u00e0 la Conf\u00e9rence annuelle de CCID"},"content":{"rendered":"<p>&nbsp;<\/p>\n<p>Le secr\u00e9taire g\u00e9n\u00e9ral ex\u00e9cutif de l\u2019<strong>Organisation universitaire interam\u00e9ricaine (OUI),<\/strong>\u00a0Dr David Julien, a anim\u00e9 une session parall\u00e8le lors du 41e congr\u00e8s annuel de <strong><em>Community Colleges for International Development<\/em> (CCID),<\/strong> membre associ\u00e9 de l\u2019OUI.<\/p>\n<p>La pr\u00e9sentation a \u00e9t\u00e9 faite en collaboration avec C\u00e9gep International<em>, <\/em>du Qu\u00e9bec, Canada<em>.<\/em> Durant celle-ci, les initiatives de l\u2019OUI, particuli\u00e8rement celles en lien avec l\u2019\u00e9ducation technique et technologique dans les Am\u00e9riques, notamment le <a href=\"http:\/\/www.caie-caei.org\/\">Congr\u00e8s des Am\u00e9riques sur l\u2019\u00e9ducation internationale (CAEI)<\/a> et l\u2019<strong>Espace interam\u00e9ricain d\u2019\u00e9ducation technique et technologique (EIESTEC),<\/strong> ont \u00e9t\u00e9 mises de l\u2019avant.<\/p>\n<p>Sous le th\u00e8me \u00ab\u00a0Alignant les \u00e9toiles\u00a0\u00bb, l\u2019\u00e9v\u00e9nement a invit\u00e9 les participants et pr\u00e9sentateurs \u00e0 analyser comment unir ressources, id\u00e9es et opportunit\u00e9s, et promouvoir le concept de \u00ab\u00a0citoyennet\u00e9 globale\u00a0\u00bb dans les coll\u00e8ges d\u2019\u00e9ducation tertiaire au niveau communautaire, technique et vocationnel du monde entier.<\/p>\n<p>\u201cCes genres d\u2019\u00e9v\u00e9nements sont des points de rencontre qui incitent aux \u00e9changes et initiatives institutionnelles au b\u00e9n\u00e9fice de la communaut\u00e9 coll\u00e9giale et universitaire de toutes les Am\u00e9riques. Nous sommes ici pour renforcer la participation des \u00c9tats-Unis dans nos espaces de collaboration interam\u00e9ricains et nous avons r\u00e9ussi \u00e0 confirmer la participation de plusieurs institutions \u00e0 notre S\u00e9minaire de Haute Direction du Mexique en mars\u201d, a expliqu\u00e9 le Dr Julien. \u201cCe S\u00e9minaire, intitul\u00e9 <strong><em>Gestion innovatrice de l\u2019\u00e9ducation technique et technologique, <\/em><\/strong>se tiendra les 30 et 31 mars dans la ville de Torre\u00f3n, gr\u00e2ce \u00e0 la collaboration de l\u2019<em>Asociaci\u00f3n Nacional de Universidades Tecnol\u00f3gicas<\/em> (ANUT) et au support de la <em>Secretar\u00eda de Educaci\u00f3n P\u00fablica<\/em> (SEP), toutes les deux du Mexique.<\/p>\n<p>Durant sa pr\u00e9sentation, le secr\u00e9taire g\u00e9n\u00e9ral ex\u00e9cutif de l\u2019OUI en a profit\u00e9 pour inviter les personnes pr\u00e9sentes \u00e0 la Cinqui\u00e8me \u00c9dition du CAEI (CAEI Canada-2017) qui se tiendra du 11 au 13 octobre 2017, \u00e0 Montr\u00e9al, et a pour principale th\u00e9matique <strong>\u201cPr\u00e9parer les leaders et les innovateurs de demain: la recherche et l\u2019enseignement sup\u00e9rieur, vecteurs de prosp\u00e9rit\u00e9 dans les Am\u00e9riques\u201d.<\/strong><\/p>\n<p>\u00ab\u00a0Cette semaine nous avons vu que Montr\u00e9al s\u2019est class\u00e9e au premier des villes universitaires dans un sondage de QS. Il n\u2019y a pas de meilleur contexte pour annoncer que la prochaine activit\u00e9 EIESTEC se r\u00e9alisera dans le cadre du m\u00eame Congr\u00e8s et nous esp\u00e9rons vous voir en octobre pour continuer \u00e0 renforcer les liens interam\u00e9ricains entre nos institutions et associations\u00a0\u00bb, a ajout\u00e9 le Dr Julien.<\/p>\n<p>Le CCID est l\u2019un des signataires du <em><a href=\"https:\/\/www.caie-caei.org\/fr\/a-propos-de-nous\/memorandum-du-caei-2\/\">M\u00e9morandum de Colaboration<\/a><\/em> du Secr\u00e9tariat ex\u00e9cutif du CAEI Canada-2017.<\/p>\n","protected":false},"excerpt":{"rendered":"<p>&nbsp; Le secr\u00e9taire g\u00e9n\u00e9ral ex\u00e9cutif de l\u2019Organisation universitaire interam\u00e9ricaine (OUI),\u00a0Dr David Julien, a anim\u00e9 une session parall\u00e8le lors du 41e [&hellip;]<\/p>\n","protected":false},"author":4,"featured_media":0,"comment_status":"open","ping_status":"open","sticky":false,"template":"","format":"standard","meta":{"_acf_changed":false,"_monsterinsights_skip_tracking":false,"_monsterinsights_sitenote_active":false,"_monsterinsights_sitenote_note":"","_monsterinsights_sitenote_category":0,"footnotes":""},"categories":[179],"tags":[],"class_list":["post-2161","post","type-post","status-publish","format-standard","hentry","category-actualite"],"acf":[],"aioseo_notices":[],"_links":{"self":[{"href":"https:\/\/oui-iohe.org\/fr\/wp-json\/wp\/v2\/posts\/2161","targetHints":{"allow":["GET"]}}],"collection":[{"href":"https:\/\/oui-iohe.org\/fr\/wp-json\/wp\/v2\/posts"}],"about":[{"href":"https:\/\/oui-iohe.org\/fr\/wp-json\/wp\/v2\/types\/post"}],"author":[{"embeddable":true,"href":"https:\/\/oui-iohe.org\/fr\/wp-json\/wp\/v2\/users\/4"}],"replies":[{"embeddable":true,"href":"https:\/\/oui-iohe.org\/fr\/wp-json\/wp\/v2\/comments?post=2161"}],"version-history":[{"count":1,"href":"https:\/\/oui-iohe.org\/fr\/wp-json\/wp\/v2\/posts\/2161\/revisions"}],"predecessor-version":[{"id":2162,"href":"https:\/\/oui-iohe.org\/fr\/wp-json\/wp\/v2\/posts\/2161\/revisions\/2162"}],"wp:attachment":[{"href":"https:\/\/oui-iohe.org\/fr\/wp-json\/wp\/v2\/media?parent=2161"}],"wp:term":[{"taxonomy":"category","embeddable":true,"href":"https:\/\/oui-iohe.org\/fr\/wp-json\/wp\/v2\/categories?post=2161"},{"taxonomy":"post_tag","embeddable":true,"href":"https:\/\/oui-iohe.org\/fr\/wp-json\/wp\/v2\/tags?post=2161"}],"curies":[{"name":"wp","href":"https:\/\/api.w.org\/{rel}","templated":true}]}}