{"id":2252,"date":"2016-11-12T17:00:44","date_gmt":"2016-11-12T22:00:44","guid":{"rendered":"https:\/\/oui-iohe.org\/?p=2252"},"modified":"2019-01-09T10:24:48","modified_gmt":"2019-01-09T15:24:48","slug":"membres-caei-engagement","status":"publish","type":"post","link":"https:\/\/oui-iohe.org\/fr\/membres-caei-engagement\/","title":{"rendered":"Les membres fondateurs du CAEI r\u00e9affirment leur engagement"},"content":{"rendered":"<p>Au cours du 50e\u00a0congr\u00e8s annuel du\u00a0<a href=\"http:\/\/cbie.ca\/?lang=fr\">Bureau canadien de l\u2019\u00e9ducation internationale (BCEI)<\/a>, les trois organisations fondatrices du\u00a0<a href=\"http:\/\/www.caie-caei.org\/fr\/\">Congr\u00e8s des Am\u00e9riques sur l\u2019\u00e9ducation internationale (CAEI)<\/a>, le BCIE-CBIE le\u00a0<a href=\"https:\/\/www.conahec.org\/fr\">Consortium pour la collaboration dans l\u2019enseignement sup\u00e9rieur de l\u2019Am\u00e9rique du Nord\u00a0(CONAHEC)<\/a>\u00a0et l\u2019<a href=\"http:\/\/www.oui-iohe.org\/fr\/\">Organisation universitaire interam\u00e9ricaine (OUI)<\/a>, ont sign\u00e9 le renouvellement de leur protocole d\u2019entente.<\/p>\n<p>\u00ab\u00a0Il y a sept ans, en 2009, le BCEI s\u2019est alli\u00e9 au CONAHEC et \u00e0 l\u2019OUI pour lancer le tout premier CAEI, d\u00e9clare Karen McBride, pr\u00e9sidente et chef de la direction du BCEI, et nous sommes ravis de r\u00e9affirmer notre engagement mutuel au cours de notre 50e\u00a0congr\u00e8s annuel.\u00a0\u00bb<\/p>\n<p>Se joignant \u00e0 Karen McBride pour la signature du protocole d\u2019entente, David Julien, Secr\u00e9taire g\u00e9n\u00e9ral ex\u00e9cutif de l\u2019OUI, et David Atkinson, pr\u00e9sident du CA de CONAHEC.<\/p>\n<p>Les trois organisations sont heureuses d\u2019annoncer que la 5e\u00a0\u00e9dition du CAEI revient au Canada l\u2019ann\u00e9e prochaine sur le th\u00e8me\u00a0:\u00a0<strong><em>Pr\u00e9parer les leaders et innovateurs de demain : la recherche et l\u2019enseignement sup\u00e9rieur, vecteurs de prosp\u00e9rit\u00e9 dans les Am\u00e9riques<\/em><\/strong><em>.\u00a0<\/em>La premi\u00e8re \u00e9dition du CAEI s\u2019est tenue \u00e0 Calgary, en 2010.<\/p>\n<p>\u00ab\u00a0Avec les quatre premi\u00e8res \u00e9ditions r\u00e9ussies, nous pensons que nous avons atteint notre principal objectif de faire du CAEI le plus important congr\u00e8s sur l\u2019\u00e9ducation internationale rassemblant la totalit\u00e9 du continent, d\u00e9clare David Julien, et nous sommes confiants que CAEI-2017 \u00e0 Montr\u00e9al sera une excellente plate-forme o\u00f9 les \u00e9tablissements canadiens pourront rencontrer les grands acteurs des Am\u00e9riques et de l\u2019\u00e9tranger.\u00a0\u00bb<\/p>\n<p>Cet \u00e9v\u00e9nement sera accueilli par le consortium de l\u2019<a href=\"http:\/\/www.uqam.ca\/\">Universit\u00e9 du Qu\u00e9bec \u00e0 Montr\u00e9al (UQAM)<\/a>, de\u00a0<a href=\"https:\/\/www.concordia.ca\/fr.html\">Concordia University<\/a>, de l\u2019<a href=\"https:\/\/www.mcgill.ca\/fr\">Universit\u00e9 McGill<\/a>, de l\u2019<a href=\"https:\/\/www.etsmtl.ca\/\">Universit\u00e9 de Montr\u00e9al et de l\u2019\u00c9cole de Technologie Sup\u00e9rieure<\/a>\u00a0\u00e0 Montr\u00e9al du 11 au 13 octobre 2017.<\/p>\n<p>&nbsp;<\/p>\n","protected":false},"excerpt":{"rendered":"<p>Au cours du 50e\u00a0congr\u00e8s annuel du\u00a0Bureau canadien de l\u2019\u00e9ducation internationale (BCEI), les trois organisations fondatrices du\u00a0Congr\u00e8s des Am\u00e9riques sur l\u2019\u00e9ducation [&hellip;]<\/p>\n","protected":false},"author":4,"featured_media":0,"comment_status":"open","ping_status":"open","sticky":false,"template":"","format":"standard","meta":{"_acf_changed":false,"_monsterinsights_skip_tracking":false,"_monsterinsights_sitenote_active":false,"_monsterinsights_sitenote_note":"","_monsterinsights_sitenote_category":0,"footnotes":""},"categories":[179],"tags":[],"class_list":["post-2252","post","type-post","status-publish","format-standard","hentry","category-actualite"],"acf":[],"aioseo_notices":[],"_links":{"self":[{"href":"https:\/\/oui-iohe.org\/fr\/wp-json\/wp\/v2\/posts\/2252","targetHints":{"allow":["GET"]}}],"collection":[{"href":"https:\/\/oui-iohe.org\/fr\/wp-json\/wp\/v2\/posts"}],"about":[{"href":"https:\/\/oui-iohe.org\/fr\/wp-json\/wp\/v2\/types\/post"}],"author":[{"embeddable":true,"href":"https:\/\/oui-iohe.org\/fr\/wp-json\/wp\/v2\/users\/4"}],"replies":[{"embeddable":true,"href":"https:\/\/oui-iohe.org\/fr\/wp-json\/wp\/v2\/comments?post=2252"}],"version-history":[{"count":1,"href":"https:\/\/oui-iohe.org\/fr\/wp-json\/wp\/v2\/posts\/2252\/revisions"}],"predecessor-version":[{"id":2253,"href":"https:\/\/oui-iohe.org\/fr\/wp-json\/wp\/v2\/posts\/2252\/revisions\/2253"}],"wp:attachment":[{"href":"https:\/\/oui-iohe.org\/fr\/wp-json\/wp\/v2\/media?parent=2252"}],"wp:term":[{"taxonomy":"category","embeddable":true,"href":"https:\/\/oui-iohe.org\/fr\/wp-json\/wp\/v2\/categories?post=2252"},{"taxonomy":"post_tag","embeddable":true,"href":"https:\/\/oui-iohe.org\/fr\/wp-json\/wp\/v2\/tags?post=2252"}],"curies":[{"name":"wp","href":"https:\/\/api.w.org\/{rel}","templated":true}]}}