{"id":2261,"date":"2016-11-11T17:00:58","date_gmt":"2016-11-11T22:00:58","guid":{"rendered":"https:\/\/oui-iohe.org\/?p=2261"},"modified":"2019-01-09T10:32:07","modified_gmt":"2019-01-09T15:32:07","slug":"oui-anuies-2016","status":"publish","type":"post","link":"https:\/\/oui-iohe.org\/fr\/oui-anuies-2016\/","title":{"rendered":"L&rsquo;OUI pr\u00e9sente \u00e0 la conf\u00e9rence internationale d\u2019ANUIES 2016"},"content":{"rendered":"<p>Le secr\u00e9taire g\u00e9n\u00e9ral ex\u00e9cutif de l\u2019Organisation universitaire interam\u00e9ricaine (OUI), Dr. David Julien, a particip\u00e9 \u00e0 la conf\u00e9rence internationale de l\u2019<a href=\"http:\/\/www.anuies.mx\/\"><em>Asociaci\u00f3n Nacional de Universidades e Instituciones de Educaci\u00f3n Superior<\/em> (ANUIES)<\/a> au Mexique,\u00a0 o\u00f9 il a partag\u00e9 ses exp\u00e9riences avec les recteurs Mexicains, ainsi qu\u2019avec les pr\u00e9sidents, les directeurs g\u00e9n\u00e9raux et les secr\u00e9taires ex\u00e9cutifs des associations et des organisations universitaires principales des Am\u00e9riques et de l\u2019Union Europ\u00e9enne.<\/p>\n<p>\u201cLa conf\u00e9rence internationale ANUIES repr\u00e9sente un forum unique qui vise \u00e0 consolider les liens entre l\u2019OUI et le Mexique, une des r\u00e9gions les plus importantes pour l\u2019organisation, vu que 60 membres environ de nos 350 s\u2019y trouvent\u201d, affirma Dr. Julien. La vice-pr\u00e9sidence r\u00e9gionale de l\u2019OUI au Mexique est si\u00e9g\u00e9e \u00e0 l\u2019<em><a href=\"http:\/\/www.udg.mx\/\">Universidad de Guadalajara<\/a> <\/em>et dirig\u00e9e par le recteur g\u00e9n\u00e9ral Tonatiuh Bravo Padilla.<\/p>\n<p>\u201cDe cette fa\u00e7on, et en continuation avec les r\u00e9cents rapports bilat\u00e9raux entre le Mexique et le Canada, et en particulier avec la province du Qu\u00e9bec, o\u00f9 se trouve le secr\u00e9tariat g\u00e9n\u00e9ral ex\u00e9cutif de l\u2019OUI, il est extr\u00eamement important d\u2019informer nos partenaires Mexicains sur les avancements du <a href=\"http:\/\/www.caie-caei.org\/\">Congr\u00e8s des Am\u00e9riques sur l\u2019\u00e9ducation internationale (CAEI),<\/a> qui aura lieu du 11 au 13 de octobre 2017, et auquel vous \u00eates cordialement invit\u00e9s\u201d, il ajouta.<\/p>\n<p>La conf\u00e9rence \u00e9tait organis\u00e9e par ANUIES et l\u2019<em>Universidad Nacional Aut\u00f3noma de M\u00e9xico<\/em> (UNAM). Elle s\u2019est tenue du 8 au 11 novembre 2016 au <em>Palacio de Miner\u00eda<\/em> de Mexico sous le th\u00e8me suivant\u00a0: \u00ab\u00a0L\u2019Enseignement sup\u00e9rieur \u00e0 l\u2019agenda de l\u2019an 2030 pour le d\u00e9veloppement durable\u00a0\u00bb.\u00a0 Le secr\u00e9taire g\u00e9n\u00e9ral ex\u00e9cutif de l\u2019OUI a de m\u00eame particip\u00e9 au <em>Panel des associations internationales de l\u2019enseignement sup\u00e9rieur \u00ab\u00a0Strat\u00e9gies et exp\u00e9riences de de collaboration des associations pour l\u2019enseignement international\u00a0\u00bb<\/em>\u00a0, au forum international<em> des associations internationales de l\u2019enseignement sup\u00e9rieur: \u201cAlliances \u00e9ducatives pour les objectifs de d\u00e9veloppement durable (ODS)\u201d<\/em> et au\u00a0<em>II Sommet des pr\u00e9sidents des conseils de recteurs de l&rsquo;Union europ\u00e9enne, de l&rsquo;Am\u00e9rique latine et de la Cara\u00efbe.<\/em><\/p>\n<p>\u201c(L\u2019\u00e9v\u00e9nement) a comme but de r\u00e9fl\u00e9chir sur les contributions et les strat\u00e9gies que les organisations et institutions d\u2019enseignement sup\u00e9rieur aux Am\u00e9riques et au sein de l\u2019Union Europ\u00e9enne devraient accomplir pour atteindre les 17 ODS\u201d, expliqua d\u2019autre part le secr\u00e9taire g\u00e9n\u00e9ral ex\u00e9cutif d\u2019ANUIES, Dr. Jaime Valls Esponda.<\/p>\n<p>Profitant de sa pr\u00e9sence dans la capitale, Dr. Julien s\u2019est r\u00e9uni avec diff\u00e9rentes autorit\u00e9s de la <em>Secretar\u00eda de Educaci\u00f3n P\u00fablica<\/em> (SEP), du <em>Consejo Nacional de Ciencia y Tecnolog\u00eda<\/em> (CONACYT), du <em>Tecnol\u00f3gico Nacional de M\u00e9xico<\/em> (TecNM) et de l\u2019<em>Asociaci\u00f3n Nacional de Universidades Tecnol\u00f3gicas<\/em> (ANUT) afin de consolider la proposition du s\u00e9minaire des hautes directions sur la gestion innovatrice des instituts techniques et technologiques qui sera offerte en mars 2017 au Mexique.<\/p>\n<p>Nous invitons tous les membres mexicains ainsi que toutes nos vice-pr\u00e9sidences r\u00e9gionales \u00e0 nous joindre dans l\u2019assembl\u00e9e g\u00e9n\u00e9rale de l\u2019OUI, pr\u00e9vue pour le 25 novembre \u00e0 l\u2019<em>Universidad de Guadalajara,<\/em> au Mexique.<\/p>\n","protected":false},"excerpt":{"rendered":"<p>Le secr\u00e9taire g\u00e9n\u00e9ral ex\u00e9cutif de l\u2019Organisation universitaire interam\u00e9ricaine (OUI), Dr. David Julien, a particip\u00e9 \u00e0 la conf\u00e9rence internationale de l\u2019Asociaci\u00f3n [&hellip;]<\/p>\n","protected":false},"author":4,"featured_media":0,"comment_status":"open","ping_status":"open","sticky":false,"template":"","format":"standard","meta":{"_acf_changed":false,"_monsterinsights_skip_tracking":false,"_monsterinsights_sitenote_active":false,"_monsterinsights_sitenote_note":"","_monsterinsights_sitenote_category":0,"footnotes":""},"categories":[179],"tags":[],"class_list":["post-2261","post","type-post","status-publish","format-standard","hentry","category-actualite"],"acf":[],"aioseo_notices":[],"_links":{"self":[{"href":"https:\/\/oui-iohe.org\/fr\/wp-json\/wp\/v2\/posts\/2261","targetHints":{"allow":["GET"]}}],"collection":[{"href":"https:\/\/oui-iohe.org\/fr\/wp-json\/wp\/v2\/posts"}],"about":[{"href":"https:\/\/oui-iohe.org\/fr\/wp-json\/wp\/v2\/types\/post"}],"author":[{"embeddable":true,"href":"https:\/\/oui-iohe.org\/fr\/wp-json\/wp\/v2\/users\/4"}],"replies":[{"embeddable":true,"href":"https:\/\/oui-iohe.org\/fr\/wp-json\/wp\/v2\/comments?post=2261"}],"version-history":[{"count":1,"href":"https:\/\/oui-iohe.org\/fr\/wp-json\/wp\/v2\/posts\/2261\/revisions"}],"predecessor-version":[{"id":2262,"href":"https:\/\/oui-iohe.org\/fr\/wp-json\/wp\/v2\/posts\/2261\/revisions\/2262"}],"wp:attachment":[{"href":"https:\/\/oui-iohe.org\/fr\/wp-json\/wp\/v2\/media?parent=2261"}],"wp:term":[{"taxonomy":"category","embeddable":true,"href":"https:\/\/oui-iohe.org\/fr\/wp-json\/wp\/v2\/categories?post=2261"},{"taxonomy":"post_tag","embeddable":true,"href":"https:\/\/oui-iohe.org\/fr\/wp-json\/wp\/v2\/tags?post=2261"}],"curies":[{"name":"wp","href":"https:\/\/api.w.org\/{rel}","templated":true}]}}