{"id":2403,"date":"2016-07-14T17:00:01","date_gmt":"2016-07-14T21:00:01","guid":{"rendered":"https:\/\/oui-iohe.org\/launch-chair-laudato-si\/"},"modified":"2019-01-09T15:20:22","modified_gmt":"2019-01-09T20:20:22","slug":"lancement-chaire-laudato-si","status":"publish","type":"post","link":"https:\/\/oui-iohe.org\/fr\/lancement-chaire-laudato-si\/","title":{"rendered":"Lancement d&rsquo;une initiative pour le d\u00e9veloppement durable: la &lsquo;Chaire Laudato si\u00a0\u00bb"},"content":{"rendered":"<p>La \u201c<strong>Chaire Laudato si\u2019 la sauvegarde de la Maison commune\u00a0\u00bb\u00a0<\/strong>est une initiative de l\u2019<strong>Organisation universitaire interam\u00e9ricaine (OUI),<\/strong>\u00a0en collaboration avec l\u2019Organisation des universit\u00e9s catholiques de l\u2019Am\u00e9rique latine et de la Cara\u00efbe (ODUCAL) et des institutions d\u2019enseignement sup\u00e9rieur (IES) catholiques et d\u2019inspiration chr\u00e9tienne de l\u2019Am\u00e9rique latine et des Cara\u00efbes en r\u00e9ponse \u00e0\u00a0<em><u>l\u2019Encyclique Laudato si\u2019 sur la sauvegarde de la Maison commune,<\/u><\/em>\u00a0dans laquelle on est invit\u00e9s \u00e0 prot\u00e9ger l\u2019environnement.<\/p>\n<p>Dans ce contexte, le 12 juillet 2016, s&rsquo;est tenu dans les installations de l\u2019<a href=\"http:\/\/www.ibero.mx\/\"><em>Universidad Iberoamericana<\/em><\/a> de la ville de Mexico, la <strong>Premi\u00e8re R\u00e9union de Travail <\/strong>de la \u201cChaire Laudato si\u2019 la sauvegarde de la Maison commune\u201d, sous la direction du recteur de l\u2019institution h\u00f4te, le Mtro David Fern\u00e1ndez D\u00e1valos, et en collaboration avec le secr\u00e9taire g\u00e9n\u00e9ral ex\u00e9cutif de l\u2019OUI, le Dr David Julien, et le directeur ex\u00e9cutif du Programme CAMPUS et ex-pr\u00e9sident de l\u2019OUI, le Dr Ra\u00fal Arias, qui a pr\u00e9sent\u00e9 une proposition initiale de travail \u00e0 une d\u00e9l\u00e9gation de repr\u00e9sentants de 15 institutions, originaires de 9 pays.<\/p>\n<p>\u00c0 cet \u00e9gard, les participants ont convenu de signer une lettre d&rsquo;intention pour la cr\u00e9ation de la Chaire et ont d\u00e9fini un premier plan de travail, dans lequel est d\u00e9termin\u00e9e l&rsquo;importance de se concentrer sur la cr\u00e9ation de:<\/p>\n<ul>\n<li>Une\u00a0<strong>plateforme web<\/strong>\u00a0pour la Chaire;<\/li>\n<li>Un\u00a0<strong>r\u00e9pertoire num\u00e9rique<\/strong>\u00a0pour la collecte des meilleures pratiques, articul\u00e9es, \u00e0 leur tour, autour des th\u00e8mes de politiques institutionnelles durables, de projets d&rsquo;enseignement et de conception des programmes, et de recherche scientifique;<\/li>\n<li>Une\u00a0<strong>carte\u00a0<\/strong>de r\u00e9seaux et d\u2019institutions d\u00e9j\u00e0 impliqu\u00e9s.<\/li>\n<\/ul>\n<p>La responsabilit\u00e9 institutionnelle en relation avec la sauvegarde de l\u2019environnement, ajout\u00e9e \u00e0 la n\u00e9cessit\u00e9 imp\u00e9rieuse de concr\u00e9tiser le d\u00e9veloppement durable sont des enjeux dont l\u2019importance est grande dans les contextes politique et social particuliers des pays des Am\u00e9riques, o\u00f9 la surexploitation des ressources naturelles a d\u00e9truit des esp\u00e8ces de la flore et de la faune. De plus, les exc\u00e8s ont men\u00e9 \u00e0 la disparition de communaut\u00e9s enti\u00e8res et \u00e0 un changement irr\u00e9versible dans la relation des soci\u00e9t\u00e9s avec leur milieu. C\u2019est pourquoi il s\u2019agit d\u2019une question indispensable dans la d\u00e9finition de la Planification strat\u00e9gique OUI 2017-2022. Les r\u00e9sultats et la mise en \u0153uvre de la <strong><em>Chaire Laudato si\u2019 la sauvegarde de la Maison Commune<\/em><\/strong> seront supervis\u00e9s et repris afin d\u2019inclure le th\u00e8me comme un axe de travail de l\u2019Organisation.<\/p>\n<p>&nbsp;<\/p>\n","protected":false},"excerpt":{"rendered":"<p>La \u201cChaire Laudato si\u2019 la sauvegarde de la Maison commune\u00a0\u00bb\u00a0est une initiative de l\u2019Organisation universitaire interam\u00e9ricaine (OUI),\u00a0en collaboration avec l\u2019Organisation [&hellip;]<\/p>\n","protected":false},"author":4,"featured_media":0,"comment_status":"open","ping_status":"open","sticky":false,"template":"","format":"standard","meta":{"_acf_changed":false,"_monsterinsights_skip_tracking":false,"_monsterinsights_sitenote_active":false,"_monsterinsights_sitenote_note":"","_monsterinsights_sitenote_category":0,"footnotes":""},"categories":[179],"tags":[],"class_list":["post-2403","post","type-post","status-publish","format-standard","hentry","category-actualite"],"acf":[],"aioseo_notices":[],"_links":{"self":[{"href":"https:\/\/oui-iohe.org\/fr\/wp-json\/wp\/v2\/posts\/2403","targetHints":{"allow":["GET"]}}],"collection":[{"href":"https:\/\/oui-iohe.org\/fr\/wp-json\/wp\/v2\/posts"}],"about":[{"href":"https:\/\/oui-iohe.org\/fr\/wp-json\/wp\/v2\/types\/post"}],"author":[{"embeddable":true,"href":"https:\/\/oui-iohe.org\/fr\/wp-json\/wp\/v2\/users\/4"}],"replies":[{"embeddable":true,"href":"https:\/\/oui-iohe.org\/fr\/wp-json\/wp\/v2\/comments?post=2403"}],"version-history":[{"count":1,"href":"https:\/\/oui-iohe.org\/fr\/wp-json\/wp\/v2\/posts\/2403\/revisions"}],"predecessor-version":[{"id":2404,"href":"https:\/\/oui-iohe.org\/fr\/wp-json\/wp\/v2\/posts\/2403\/revisions\/2404"}],"wp:attachment":[{"href":"https:\/\/oui-iohe.org\/fr\/wp-json\/wp\/v2\/media?parent=2403"}],"wp:term":[{"taxonomy":"category","embeddable":true,"href":"https:\/\/oui-iohe.org\/fr\/wp-json\/wp\/v2\/categories?post=2403"},{"taxonomy":"post_tag","embeddable":true,"href":"https:\/\/oui-iohe.org\/fr\/wp-json\/wp\/v2\/tags?post=2403"}],"curies":[{"name":"wp","href":"https:\/\/api.w.org\/{rel}","templated":true}]}}