{"id":2690,"date":"2016-05-03T17:00:33","date_gmt":"2016-05-03T21:00:33","guid":{"rendered":"https:\/\/oui-iohe.org\/internationalizacion-obiret-unesco-iesalc\/"},"modified":"2019-01-10T12:10:05","modified_gmt":"2019-01-10T17:10:05","slug":"internationalisation-obiret-unesco-iesalc","status":"publish","type":"post","link":"https:\/\/oui-iohe.org\/fr\/internationalisation-obiret-unesco-iesalc\/","title":{"rendered":"I Enqu\u00eate r\u00e9gionale sur l\u2019Internationalisation de l\u2019\u00c9ducation tertiaire en AL et la Cara\u00efbe \u2013 OBIRET \/ UNESCO-IESALC"},"content":{"rendered":"<p>L\u2019<a href=\"http:\/\/obiret-iesalc.udg.mx\/\"><em>Observatorio Regional sobre Internacionalizaci\u00f3n y Redes en Educaci\u00f3n Terciaria en Am\u00e9rica Latina y el Caribe<\/em> (OBIRET)<\/a>, sous la coordination de l\u2019<a href=\"http:\/\/www.iesalc.unesco.org.ve\/\"><em>Instituto Internacional para la Educaci\u00f3n Superior en Am\u00e9rica Latina y Caribe<\/em> de l&rsquo;Organisation des Nations Unies pour l&rsquo;\u00c9ducation, la Science et la Culture (UNESCO-IESALC)<\/a>, m\u00e8ne pr\u00e9sentement la <strong><em>I Recherche r\u00e9gionale sur l\u2019Internationalisation de l\u2019\u00c9ducation tertiaire en Am\u00e9rique latine et la Cara\u00efbe<\/em><\/strong>, une initiative que l\u2019OUI salue et \u00e0 laquelle elle invite ses membres \u00e0 participer.<\/p>\n<p>La finalit\u00e9 de cette enqu\u00eate est d\u2019\u00e9tablir un panorama r\u00e9gional de la dimension internationale des universit\u00e9s de la r\u00e9gion, en identifiant les principales tendances, les forces, les risques, les obstacles et les limitations.<\/p>\n<p>Tel que mentionn\u00e9 dans la convocation, la mesure est une r\u00e9ponse face \u00e0 l\u2019absence d\u2019une information syst\u00e9matis\u00e9e et compr\u00e9hensive du processus d\u2019internationalisation.<\/p>\n<p>Dans ce contexte, et pour faciliter le processus, on recommande que le sondage soit r\u00e9pondu par les responsables de l\u2019internationalisation et de la coop\u00e9ration des institutions.<\/p>\n<p>Pour toute consultation veuillez vous adresser au courrier \u00e9lectronique suivant: <u><a href=\"mailto:obiret-iesalc@redudg.udg.mx\">obiret-iesalc@redudg.udg.mx<\/a><\/u>.<\/p>\n<p>&nbsp;<\/p>\n<p>&nbsp;<\/p>\n","protected":false},"excerpt":{"rendered":"<p>L\u2019Observatorio Regional sobre Internacionalizaci\u00f3n y Redes en Educaci\u00f3n Terciaria en Am\u00e9rica Latina y el Caribe (OBIRET), sous la coordination de [&hellip;]<\/p>\n","protected":false},"author":4,"featured_media":0,"comment_status":"open","ping_status":"open","sticky":false,"template":"","format":"standard","meta":{"_acf_changed":false,"_monsterinsights_skip_tracking":false,"_monsterinsights_sitenote_active":false,"_monsterinsights_sitenote_note":"","_monsterinsights_sitenote_category":0,"footnotes":""},"categories":[179],"tags":[],"class_list":["post-2690","post","type-post","status-publish","format-standard","hentry","category-actualite"],"acf":[],"aioseo_notices":[],"_links":{"self":[{"href":"https:\/\/oui-iohe.org\/fr\/wp-json\/wp\/v2\/posts\/2690","targetHints":{"allow":["GET"]}}],"collection":[{"href":"https:\/\/oui-iohe.org\/fr\/wp-json\/wp\/v2\/posts"}],"about":[{"href":"https:\/\/oui-iohe.org\/fr\/wp-json\/wp\/v2\/types\/post"}],"author":[{"embeddable":true,"href":"https:\/\/oui-iohe.org\/fr\/wp-json\/wp\/v2\/users\/4"}],"replies":[{"embeddable":true,"href":"https:\/\/oui-iohe.org\/fr\/wp-json\/wp\/v2\/comments?post=2690"}],"version-history":[{"count":1,"href":"https:\/\/oui-iohe.org\/fr\/wp-json\/wp\/v2\/posts\/2690\/revisions"}],"predecessor-version":[{"id":2691,"href":"https:\/\/oui-iohe.org\/fr\/wp-json\/wp\/v2\/posts\/2690\/revisions\/2691"}],"wp:attachment":[{"href":"https:\/\/oui-iohe.org\/fr\/wp-json\/wp\/v2\/media?parent=2690"}],"wp:term":[{"taxonomy":"category","embeddable":true,"href":"https:\/\/oui-iohe.org\/fr\/wp-json\/wp\/v2\/categories?post=2690"},{"taxonomy":"post_tag","embeddable":true,"href":"https:\/\/oui-iohe.org\/fr\/wp-json\/wp\/v2\/tags?post=2690"}],"curies":[{"name":"wp","href":"https:\/\/api.w.org\/{rel}","templated":true}]}}