{"id":4423,"date":"2020-02-11T11:13:47","date_gmt":"2020-02-11T16:13:47","guid":{"rendered":"https:\/\/oui-iohe.org\/publicacion-recomendada-mujeres-en-las-universidades-iberoamericanas-la-busqueda-de-la-necesaria-conciliacion-trabajo-familia\/"},"modified":"2020-02-11T12:39:42","modified_gmt":"2020-02-11T17:39:42","slug":"publicacion-recomendada-mujeres-en-las-universidades-iberoamericanas-la-busqueda-de-la-necesaria-conciliacion-trabajo-familia","status":"publish","type":"post","link":"https:\/\/oui-iohe.org\/fr\/publicacion-recomendada-mujeres-en-las-universidades-iberoamericanas-la-busqueda-de-la-necesaria-conciliacion-trabajo-familia\/","title":{"rendered":"Publication recommand\u00e9e \/ Mujeres en las Universidades Iberoamericanas: la b\u00fasqueda de la necesaria conciliaci\u00f3n trabajo familia."},"content":{"rendered":"<p><img loading=\"lazy\" decoding=\"async\" class=\"aligncenter size-medium wp-image-4145\" src=\"https:\/\/oui-iohe.org\/wp-content\/uploads\/2020\/01\/MUJERES-EN-LAS-UNIVERSIDADES-IBEROAMERICANAS-226x300.png\" alt=\"\" width=\"226\" height=\"300\" srcset=\"https:\/\/oui-iohe.org\/wp-content\/uploads\/2020\/01\/MUJERES-EN-LAS-UNIVERSIDADES-IBEROAMERICANAS-226x300.png 226w, https:\/\/oui-iohe.org\/wp-content\/uploads\/2020\/01\/MUJERES-EN-LAS-UNIVERSIDADES-IBEROAMERICANAS.png 434w\" sizes=\"auto, (max-width: 226px) 100vw, 226px\" \/><\/p>\n<p>Ce document est le fruit d&rsquo;un projet de recherche qui a d\u00e9but\u00e9 en 2018 et s&rsquo;intitule: \u00abLos retos de la conciliaci\u00f3n. An\u00e1lisis comparado de la experiencia de mujeres trabajadoras en instituciones de educaci\u00f3n superior\u00bb.<\/p>\n<p>Il a \u00e9t\u00e9 soulev\u00e9 dans le cadre de la cr\u00e9ation du Groupe ib\u00e9ro-am\u00e9ricain de recherche sur les femmes, la conciliation et l&rsquo;intendance familiale (GIIMCCO), un groupe de recherche reconnu par EMULIES et l&rsquo;OUI, co-\u00e9diteurs de l&rsquo;ouvrage.<\/p>\n<p>Dans ses pr\u00e8s de 300 pages, il montre une radiographie de la r\u00e9alit\u00e9 de 15 \u00e9tablissements d&rsquo;enseignement sup\u00e9rieur (EES) dans cinq pays, quatre en Am\u00e9rique latine (Mexique, Equateur, Espagne et P\u00e9rou) et en Italie.<\/p>\n<p>La publication vise \u00e0 rendre visible, analyser et discuter les exp\u00e9riences quotidiennes que vivent les femmes acad\u00e9miques et les managers dans les \u00e9tablissements d&rsquo;enseignement sup\u00e9rieur pour concilier vie professionnelle et vie familiale, dans le cadre de l&rsquo;existence ou non, de politiques \u00e9tatiques ou institutionnelles de \u00e9galit\u00e9.<\/p>\n<p>\u00abCe diagnostic montre que malgr\u00e9 toutes les avanc\u00e9es en mati\u00e8re normative et l&rsquo;acc\u00e8s croissant des femmes \u00e0 la formation dans l&rsquo;enseignement sup\u00e9rieur, l&rsquo;environnement familial, la maternit\u00e9 et le couple, ce sont toujours des \u00e9l\u00e9ments qui mettent l&rsquo;accent sur les trajectoires f\u00e9minines. Parce qu&rsquo;ils sont per\u00e7us comme des inconv\u00e9nients pour les femmes \u00e0 occuper des espaces de pouvoir &#8211; acad\u00e9mique et politique &#8211; au sein des institutions; et aussi parce qu&rsquo;il n&rsquo;y a pas de conditions institutionnelles qui prennent en compte les cycles de reproduction des femmes, qui deviennent incompatibles dans la carri\u00e8re universitaire comp\u00e9titive. \u00bb, affirme la Dre Liliana Ibeth Casta\u00f1eda Renter\u00eda, coordinatrice g\u00e9n\u00e9rale GIIMCCO de l&rsquo;Universit\u00e9 de Guadalajara et coordinatrice de la publication.<\/p>\n<p>Le processus de cr\u00e9ation de l&rsquo;\u0153uvre s&rsquo;est d\u00e9roul\u00e9 en trois \u00e9tapes:<\/p>\n<ol>\n<li>R\u00e9alisation d&rsquo;enqu\u00eates particuli\u00e8res ou, identification de mat\u00e9riel empirique existant pertinent dans le cadre des objectifs du projet.<\/li>\n<li>Pr\u00e9sentation des propositions capitulaires, qui a \u00e9t\u00e9 r\u00e9alis\u00e9e \u00e0 travers la c\u00e9l\u00e9bration du S\u00e9minaire Virtuel GIIMCCO: \u00abLes vestiges de la conciliation travail-famille en Am\u00e9rique latine\u00bb. Ev\u00e9nement devenu un espace utile et enrichissant car avec l&rsquo;aide de la technologie et des r\u00e9seaux sociaux, il a permis de dialoguer et de partager les propositions et avanc\u00e9es de chacun des membres, ainsi que de commenter et de restituer de mani\u00e8re horizontale les avanc\u00e9es, les th\u00e9ories et les constatations identifi\u00e9es dans chacun des sc\u00e9narios \u00e9tudi\u00e9s.<\/li>\n<li>\u00c9valuation \u00e9ditoriale de l&rsquo;ouvrage, \u00e9dition et publication.<\/li>\n<\/ol>\n<p>Le livre<a href=\"https:\/\/oui-iohe.org\/wp-content\/uploads\/2020\/01\/MUJERES-EN-LAS-UNIVERSIDADES-IBEROAMERICANAS-.pdf\"><strong> Mujeres en las Universidades Iberoamericanas: la b\u00fasqueda de la necesaria conciliaci\u00f3n trabajo familia <\/strong><\/a>a \u00e9t\u00e9 pr\u00e9sent\u00e9 pour la premi\u00e8re fois lors de la VI\u00e8me r\u00e9union EMULIES du 22 octobre \u00e0 Bogot\u00e1, en Colombie. \u00c9galement \u00e0 la premi\u00e8re conf\u00e9rence de recherche et d&rsquo;enseignement depuis le f\u00e9minisme, tenue en octobre \u00e0\u00a0Universidad de Extremadura, en Espagne, par l&rsquo;un des auteurs du chapitre, Irina Rasskin.<\/p>\n<p>\u00abDans les pr\u00e9sentations de la publication, un grand int\u00e9r\u00eat a \u00e9t\u00e9 manifest\u00e9 par le public, en particulier les femmes universitaires qui se sentent interpell\u00e9es par le sujet et qui jugent pertinent de discuter d&rsquo;une question de fond sur la voie de l&rsquo;\u00e9galit\u00e9.\u00bb partag\u00e9 Mar\u00eda Fel\u00edcitas Parga Jim\u00e9nez membre de l&rsquo;\u00e9quipe de coordination de la publication.<\/p>\n<p>La prochaine pr\u00e9sentation confirm\u00e9e aura lieu au COMECSO, Congr\u00e8s des sciences sociales \u00e0 Monterrey, au Mexique, le 2 avril, par Patricia Rodr\u00edguez, universitaire et chercheuse \u00e0 l&rsquo;Institut d&rsquo;\u00e9tudes \u00e9conomiques de l&rsquo;UNAM.<\/p>\n<p>&nbsp;<\/p>\n<p><a href=\"https:\/\/oui-iohe.org\/wp-content\/uploads\/2020\/01\/MUJERES-EN-LAS-UNIVERSIDADES-IBEROAMERICANAS-.pdf\">T\u00e9l\u00e9chargez la publication en espagnol ici<\/a><\/p>\n","protected":false},"excerpt":{"rendered":"<p>Ce document est le fruit d&rsquo;un projet de recherche qui a d\u00e9but\u00e9 en 2018 et s&rsquo;intitule: \u00abLos retos de la [&hellip;]<\/p>\n","protected":false},"author":4,"featured_media":4418,"comment_status":"open","ping_status":"open","sticky":false,"template":"","format":"standard","meta":{"_acf_changed":false,"_monsterinsights_skip_tracking":false,"_monsterinsights_sitenote_active":false,"_monsterinsights_sitenote_note":"","_monsterinsights_sitenote_category":0,"footnotes":""},"categories":[179],"tags":[],"class_list":["post-4423","post","type-post","status-publish","format-standard","has-post-thumbnail","hentry","category-actualite"],"acf":[],"aioseo_notices":[],"_links":{"self":[{"href":"https:\/\/oui-iohe.org\/fr\/wp-json\/wp\/v2\/posts\/4423","targetHints":{"allow":["GET"]}}],"collection":[{"href":"https:\/\/oui-iohe.org\/fr\/wp-json\/wp\/v2\/posts"}],"about":[{"href":"https:\/\/oui-iohe.org\/fr\/wp-json\/wp\/v2\/types\/post"}],"author":[{"embeddable":true,"href":"https:\/\/oui-iohe.org\/fr\/wp-json\/wp\/v2\/users\/4"}],"replies":[{"embeddable":true,"href":"https:\/\/oui-iohe.org\/fr\/wp-json\/wp\/v2\/comments?post=4423"}],"version-history":[{"count":3,"href":"https:\/\/oui-iohe.org\/fr\/wp-json\/wp\/v2\/posts\/4423\/revisions"}],"predecessor-version":[{"id":4435,"href":"https:\/\/oui-iohe.org\/fr\/wp-json\/wp\/v2\/posts\/4423\/revisions\/4435"}],"wp:featuredmedia":[{"embeddable":true,"href":"https:\/\/oui-iohe.org\/fr\/wp-json\/wp\/v2\/media\/4418"}],"wp:attachment":[{"href":"https:\/\/oui-iohe.org\/fr\/wp-json\/wp\/v2\/media?parent=4423"}],"wp:term":[{"taxonomy":"category","embeddable":true,"href":"https:\/\/oui-iohe.org\/fr\/wp-json\/wp\/v2\/categories?post=4423"},{"taxonomy":"post_tag","embeddable":true,"href":"https:\/\/oui-iohe.org\/fr\/wp-json\/wp\/v2\/tags?post=4423"}],"curies":[{"name":"wp","href":"https:\/\/api.w.org\/{rel}","templated":true}]}}