{"id":602,"date":"2018-05-24T17:00:11","date_gmt":"2018-05-24T21:00:11","guid":{"rendered":"http:\/\/www.oui-iohe.org\/universities-canada-iohe-ciki_en\/"},"modified":"2018-11-26T11:48:59","modified_gmt":"2018-11-26T16:48:59","slug":"universites-canada-oui-ciki_fr","status":"publish","type":"post","link":"https:\/\/oui-iohe.org\/fr\/universites-canada-oui-ciki_fr\/","title":{"rendered":"Mission des recteurs Canada &#8211; Mexique : l\u2019OUI met la table pour le ciKi"},"content":{"rendered":"<p><img loading=\"lazy\" decoding=\"async\" class=\"aligncenter size-medium wp-image-590\" src=\"https:\/\/oui-iohe.org\/wp-content\/uploads\/2018\/10\/20180525.-Mission-Universite-Canada-au-Mexique-300x137.jpg\" alt=\"\" width=\"300\" height=\"137\" srcset=\"https:\/\/oui-iohe.org\/wp-content\/uploads\/2018\/10\/20180525.-Mission-Universite-Canada-au-Mexique-300x137.jpg 300w, https:\/\/oui-iohe.org\/wp-content\/uploads\/2018\/10\/20180525.-Mission-Universite-Canada-au-Mexique-768x350.jpg 768w, https:\/\/oui-iohe.org\/wp-content\/uploads\/2018\/10\/20180525.-Mission-Universite-Canada-au-Mexique-1024x466.jpg 1024w, https:\/\/oui-iohe.org\/wp-content\/uploads\/2018\/10\/20180525.-Mission-Universite-Canada-au-Mexique.jpg 1166w\" sizes=\"auto, (max-width: 300px) 100vw, 300px\" \/><\/p>\n<p>&nbsp;<\/p>\n<p>Mexico, le 24 mai 2018 \u2013 C\u2019est \u00e0 l\u2019invitation de <a href=\"https:\/\/www.univcan.ca\" target=\"_blank\" rel=\"noopener\"><em>Universit\u00e9s Canada<\/em><\/a> que le secr\u00e9taire g\u00e9n\u00e9ral ex\u00e9cutif de l\u2019Organisation universitaire interam\u00e9ricaine (OUI), le Dr David Julien, s\u2019est rendu \u00e0 Mexico du 23 au 25 mai, se joignant ainsi \u00e0 la d\u00e9l\u00e9gation de recteurs canadiens participant \u00e0 cette Mission Canada \u2013 Mexique.<\/p>\n<p>Faisant suite \u00e0 la participation de l\u2019OUI au groupe de travail <em>Partenariat Canada-Mexique<\/em> initi\u00e9 par les deux \u00c9tats dans le contexte actuel nord-am\u00e9ricain et suite \u00e0 la volont\u00e9 exprim\u00e9e par les deux pays de renforcer leurs partenariats bilat\u00e9raux, cette mission avait notamment pour objectif de paver la voie et d\u2019\u00e9tablir des relations de collaboration \u00e0 long terme entre les \u00e9tablissements d\u2019enseignement sup\u00e9rieur d\u2019Universit\u00e9s Canada et de l\u2019Association nationale des universit\u00e9s et des \u00e9tablissements d\u2019enseignement sup\u00e9rieur (<a href=\"http:\/\/www.anuies.mx\/\" target=\"_blank\" rel=\"noopener\">ANUIES<\/a>), de m\u00eame qu\u2019aupr\u00e8s du nouveau gouvernement f\u00e9d\u00e9ral mexicain qui arrivera au pouvoir \u00e0 la fin de 2018.<\/p>\n<p>Les partenariats entre les universit\u00e9s du Canada et du celles Mexique jouent un important r\u00f4le strat\u00e9gique alors que le Canada tente de renouveler et d\u2019approfondir ses relations commerciales et politiques avec ce pays.<\/p>\n<p>\u00ab\u00a0<em>Le Canada et le Mexique continuent de jouer un r\u00f4le clef au sein de notre vie associative et la r\u00e9cente lev\u00e9e des visas d\u2019entr\u00e9e requis pour la mobilit\u00e9 entre les deux pays permet de construire des partenariats plus flexibles et durables entre nos membres. La venue du ciKi en septembre \u00e0 l\u2019<a href=\"http:\/\/www.udg.mx\/\" target=\"_blank\" rel=\"noopener\">Universit\u00e9 de Guadalajara<\/a>, qui assure notre vice-pr\u00e9sidence, offrira d\u2019ailleurs des opportunit\u00e9s concr\u00e8tes d\u2019\u00e9changes entre professeurs et chercheurs sur les th\u00e9matiques de l\u2019innovation<\/em> \u00bb, souligne le Dr David Julien, secr\u00e9taire g\u00e9n\u00e9ral ex\u00e9cutif de l\u2019OUI.<\/p>\n<p>En effet, la Conf\u00e9rence internationale de la connaissance et de l\u2019innovation (<a href=\"https:\/\/congresociki.org\/\" target=\"_blank\" rel=\"noopener\">ciKi<\/a>) aura lieu \u00e0 Guadalajara sur le th\u00e8me \u00ab\u00a0<em>Habitats de l\u2019innovation et \u00e9conomie du savoir\u00a0: un pari pour l\u2019avenir<\/em>\u00a0\u00bb. Diff\u00e9rents paliers de gouvernement des deux c\u00f4t\u00e9s de la fronti\u00e8re soutiennent d\u2019ailleurs le ciKi en vue de renforcer ces \u00e9changes.<\/p>\n<p><img loading=\"lazy\" decoding=\"async\" class=\"aligncenter size-medium wp-image-596\" src=\"https:\/\/oui-iohe.org\/wp-content\/uploads\/2018\/10\/20180517.-Image-ciKi-2018-300x235.jpg\" alt=\"\" width=\"300\" height=\"235\" srcset=\"https:\/\/oui-iohe.org\/wp-content\/uploads\/2018\/10\/20180517.-Image-ciKi-2018-300x235.jpg 300w, https:\/\/oui-iohe.org\/wp-content\/uploads\/2018\/10\/20180517.-Image-ciKi-2018-768x602.jpg 768w, https:\/\/oui-iohe.org\/wp-content\/uploads\/2018\/10\/20180517.-Image-ciKi-2018.jpg 973w\" sizes=\"auto, (max-width: 300px) 100vw, 300px\" \/><\/p>\n<p>Avec plus de 60 membres au Mexique et plus d\u2019une trentaine au Canada, l\u2019occasion a \u00e9galement permis \u00e0 de nouveaux partenaires de s\u2019affilier \u00e0 l\u2019OUI. La pr\u00e9sence de cette grande d\u00e9l\u00e9gation mexicaine r\u00e9unie sous l\u2019\u00e9gide du secr\u00e9tariat g\u00e9n\u00e9ral de l\u2019Association nationale des universit\u00e9s et des \u00e9tablissements d\u2019enseignement sup\u00e9rieur (ANUIES) a, par ailleurs, concr\u00e9tis\u00e9 les ponts de coop\u00e9ration entre les \u00e9tablissements d&rsquo;enseignement sup\u00e9rieur mexicains et canadiens, en plus d\u2019assurer le suivi des ententes conclues lors du d\u00e9veloppement du <a href=\"https:\/\/www.caie-caei.org\" target=\"_blank\" rel=\"noopener\">CAEI<\/a> 2017 qui s\u2019est tenu \u00e0 Montr\u00e9al en octobre dernier. Ces partenariats comprennent la mobilit\u00e9 \u00e9tudiante ainsi que la collaboration en mati\u00e8re d\u2019enseignement sup\u00e9rieur et de recherche portant sur d\u2019importants enjeux en innovation et en internationalisation.<\/p>\n<p>&nbsp;<\/p>\n<p>Pour en savoir davantage sur le ciKi, visitez\u00a0: <a href=\"https:\/\/congresociki.org\/\">https:\/\/congresociki.org\/<\/a><\/p>\n","protected":false},"excerpt":{"rendered":"<p>&nbsp; Mexico, le 24 mai 2018 \u2013 C\u2019est \u00e0 l\u2019invitation de Universit\u00e9s Canada que le secr\u00e9taire g\u00e9n\u00e9ral ex\u00e9cutif de l\u2019Organisation [&hellip;]<\/p>\n","protected":false},"author":4,"featured_media":592,"comment_status":"open","ping_status":"open","sticky":false,"template":"","format":"standard","meta":{"_acf_changed":false,"_monsterinsights_skip_tracking":false,"_monsterinsights_sitenote_active":false,"_monsterinsights_sitenote_note":"","_monsterinsights_sitenote_category":0,"footnotes":""},"categories":[179],"tags":[],"class_list":["post-602","post","type-post","status-publish","format-standard","has-post-thumbnail","hentry","category-actualite"],"acf":[],"aioseo_notices":[],"_links":{"self":[{"href":"https:\/\/oui-iohe.org\/fr\/wp-json\/wp\/v2\/posts\/602","targetHints":{"allow":["GET"]}}],"collection":[{"href":"https:\/\/oui-iohe.org\/fr\/wp-json\/wp\/v2\/posts"}],"about":[{"href":"https:\/\/oui-iohe.org\/fr\/wp-json\/wp\/v2\/types\/post"}],"author":[{"embeddable":true,"href":"https:\/\/oui-iohe.org\/fr\/wp-json\/wp\/v2\/users\/4"}],"replies":[{"embeddable":true,"href":"https:\/\/oui-iohe.org\/fr\/wp-json\/wp\/v2\/comments?post=602"}],"version-history":[{"count":2,"href":"https:\/\/oui-iohe.org\/fr\/wp-json\/wp\/v2\/posts\/602\/revisions"}],"predecessor-version":[{"id":604,"href":"https:\/\/oui-iohe.org\/fr\/wp-json\/wp\/v2\/posts\/602\/revisions\/604"}],"wp:featuredmedia":[{"embeddable":true,"href":"https:\/\/oui-iohe.org\/fr\/wp-json\/wp\/v2\/media\/592"}],"wp:attachment":[{"href":"https:\/\/oui-iohe.org\/fr\/wp-json\/wp\/v2\/media?parent=602"}],"wp:term":[{"taxonomy":"category","embeddable":true,"href":"https:\/\/oui-iohe.org\/fr\/wp-json\/wp\/v2\/categories?post=602"},{"taxonomy":"post_tag","embeddable":true,"href":"https:\/\/oui-iohe.org\/fr\/wp-json\/wp\/v2\/tags?post=602"}],"curies":[{"name":"wp","href":"https:\/\/api.w.org\/{rel}","templated":true}]}}