{"id":6463,"date":"2020-12-01T14:04:29","date_gmt":"2020-12-01T19:04:29","guid":{"rendered":"https:\/\/oui-iohe.org\/resultados-premio-mein-2020\/"},"modified":"2022-11-08T15:29:03","modified_gmt":"2022-11-08T20:29:03","slug":"prix-mein-2020","status":"publish","type":"post","link":"https:\/\/oui-iohe.org\/fr\/prix-mein-2020\/","title":{"rendered":"R\u00e9sultats du Prix MEIN 2020"},"content":{"rendered":"<p><em>La troisi\u00e8me \u00e9dition du Prix interam\u00e9ricain des mod\u00e8les \u00e9ducatifs innovants dans l&rsquo;enseignement sup\u00e9rieur (MEIN) a eu lieu virtuellement les 19 et 20 octobre.<\/em><\/p>\n<p>Cet \u00e9v\u00e9nement \u00e9tait organis\u00e9 par l&rsquo;Organisation universitaire interam\u00e9ricaine (OUI); Le <a href=\"https:\/\/colam.oui-iohe.org\/\">Coll\u00e8ge des Am\u00e9riques<\/a> (COLAM) et l&rsquo;<a href=\"https:\/\/www.udem.edu.mx\/en\">Universidad de Monterrey<\/a> (UdeM).<\/p>\n<p>Le Prix MEIN 2020 a recueilli un total de 39 exp\u00e9riences * en comp\u00e9tition, provenant de 28 EES de 10 pays, et a eu la participation de plus de 180 participants aux diff\u00e9rentes activit\u00e9s qui ont eu lieu pendant l&rsquo;\u00e9v\u00e9nement.<\/p>\n<p>Le jury international **, compos\u00e9 de 11 universitaires, a r\u00e9compens\u00e9 les exp\u00e9riences suivantes:<\/p>\n<p>El jurado internacional**, conformado por 11 acad\u00e9micos otorg\u00f3 los galardones a las siguientes experiencias:<\/p>\n<p><strong>1\u00e8re place<\/strong><\/p>\n<p><em>\u201cResponsabilidad Social Universitaria: Un modelo de formaci\u00f3n aplicada en el pregrado\u201d<\/em><\/p>\n<p>Universidad de Talca, Chile.<\/p>\n<p><strong>2\u00e8me place<\/strong><\/p>\n<p><em>\u201cSistema Institucional de Evaluaci\u00f3n de Competencias\u00a0\u00bb<\/em><\/p>\n<p>Universidad Cooperativa de Colombia.<\/p>\n<p><strong>3\u00e8me place<\/strong><\/p>\n<p><em>\u201cPrograma ASCENDERE: Creando un ecosistema de innovaci\u00f3n docente\u201d<\/em><\/p>\n<p>Universidad T\u00e9cnica Particular de Loja, Ecuador.<\/p>\n<p><strong>Mention d&rsquo;honneur<\/strong><\/p>\n<p><em>\u201cEscuela Internacional de Innovaci\u00f3n Social\u201d<\/em><\/p>\n<p>Tecnol\u00f3gico de Antioquia, Colombia.<\/p>\n<p>Les organisateurs et promoteurs de cet \u00e9v\u00e9nement interam\u00e9ricain ont reconnu le travail et l&rsquo;engagement pour l&rsquo;am\u00e9lioration de l&rsquo;enseignement sup\u00e9rieur de toutes les institutions qui ont particip\u00e9 \u00e0 cette troisi\u00e8me \u00e9dition du Prix MEIN et ont appr\u00e9ci\u00e9 leur int\u00e9r\u00eat \u00e0 partager leurs r\u00e9alisations, leurs erreurs et leurs d\u00e9fis pour mettre en \u0153uvre des initiatives innovantes qui leurs institutions et leur environnement sont transform\u00e9s.<\/p>\n<p><strong>Publications:<\/strong><\/p>\n<p><a href=\"https:\/\/oui-iohe.org\/wp-content\/uploads\/2022\/11\/Publicaci%C3%B3n-Premio-MEIN-2020.pdf\">T\u00e9l\u00e9chargez le livre<\/a><\/p>\n<p><a href=\"https:\/\/www.youtube.com\/playlist?list=PLJxdx01nPEsf3yOPESH6isHt699reWd4M\">Voir les pr\u00e9sentations<\/a><\/p>\n<p>&#8212; &#8212;<\/p>\n<p>*Cliquez <a href=\"https:\/\/oui-iohe.org\/wp-content\/uploads\/2020\/12\/Trabajos-Aceptados_Abstracts_MEIN2020.pdf\">ici\u00a0<\/a>pour voir la liste compl\u00e8te des travaux accept\u00e9s dans l&rsquo;appel MEIN 2020<\/p>\n<p>**Dans cette troisi\u00e8me version du Prix interam\u00e9ricain des mod\u00e8les \u00e9ducatifs innovants dans l&rsquo;enseignement sup\u00e9rieur (MEIN Award), le jury international qui a fait la s\u00e9lection et l&rsquo;\u00e9valuation de chacune des exp\u00e9riences pr\u00e9sent\u00e9es \u00e9tait compos\u00e9 de:<\/p>\n<ol>\n<li><strong>Altagracia L\u00f3pez F<\/strong>., Centro de Innovaci\u00f3n en Educaci\u00f3n Superior (CINNES), Instituto Tecnol\u00f3gico de Santo Domingo, R\u00e9publique dominicaine.<\/li>\n<li><strong>Katalina Perera H.<\/strong>, Universidad T\u00e9cnica Nacional, Costa Rica.<\/li>\n<li><strong>Norma Ju\u00e1rez<\/strong>, Diplomado en Internacionalizaci\u00f3n de la Educaci\u00f3n Superior\/Colegio de las Am\u00e9ricas (DIES\/COLAM)<\/li>\n<li><strong>Jamine Poz\u00fa Franco<\/strong>, Escuela de Posgrado, Universidad Peruana Cayetano Heredia, P\u00e9rou.<\/li>\n<li><strong>Mar\u00eda Mercedes Callejas Restrepo<\/strong>, Universidad de Ciencias Aplicadas y Ambientales, Colombia.<\/li>\n<li><strong>Pedro M\u00e1rquez<\/strong>, Royal Roads University, Canad\u00e1.<\/li>\n<li><strong>Benito Flores Ju\u00e1rez<\/strong>, Escuela de Ingenier\u00eda y Tecnolog\u00edas, Universidad de Monterrey, Mexique<\/li>\n<li><strong>Jos\u00e9 Antonio Santander Figueredo<\/strong>, RED de Innovaci\u00f3n Emprendimiento GeneraKnow, Bolivie.<\/li>\n<li><strong>Javier Torres Gonz\u00e1lez<\/strong>, Universidad de Monterrey, Mexique.<\/li>\n<li><strong>Henry Alberto Chero-Valdivieso<\/strong>, Universidad Cat\u00f3lica Los Angeles de Chimbote, P\u00e9rou. Red de Docentes de Am\u00e9rica Latina y el Caribe (RedDOLAC).<\/li>\n<li><strong>Fernando Daniels<\/strong>, Colegio de las Am\u00e9ricas\/Organizaci\u00f3n Universitaria Interamericana (OUI\/COLAM).<\/li>\n<\/ol>\n<p>Plus d&rsquo;informations: https:\/\/colam.oui-iohe.org\/<\/p>\n","protected":false},"excerpt":{"rendered":"<p>La troisi\u00e8me \u00e9dition du Prix interam\u00e9ricain des mod\u00e8les \u00e9ducatifs innovants dans l&rsquo;enseignement sup\u00e9rieur (MEIN) a eu lieu virtuellement les 19 [&hellip;]<\/p>\n","protected":false},"author":4,"featured_media":6458,"comment_status":"open","ping_status":"open","sticky":false,"template":"","format":"standard","meta":{"_acf_changed":false,"_monsterinsights_skip_tracking":false,"_monsterinsights_sitenote_active":false,"_monsterinsights_sitenote_note":"","_monsterinsights_sitenote_category":0,"footnotes":""},"categories":[179],"tags":[],"class_list":["post-6463","post","type-post","status-publish","format-standard","has-post-thumbnail","hentry","category-actualite"],"acf":[],"aioseo_notices":[],"_links":{"self":[{"href":"https:\/\/oui-iohe.org\/fr\/wp-json\/wp\/v2\/posts\/6463","targetHints":{"allow":["GET"]}}],"collection":[{"href":"https:\/\/oui-iohe.org\/fr\/wp-json\/wp\/v2\/posts"}],"about":[{"href":"https:\/\/oui-iohe.org\/fr\/wp-json\/wp\/v2\/types\/post"}],"author":[{"embeddable":true,"href":"https:\/\/oui-iohe.org\/fr\/wp-json\/wp\/v2\/users\/4"}],"replies":[{"embeddable":true,"href":"https:\/\/oui-iohe.org\/fr\/wp-json\/wp\/v2\/comments?post=6463"}],"version-history":[{"count":6,"href":"https:\/\/oui-iohe.org\/fr\/wp-json\/wp\/v2\/posts\/6463\/revisions"}],"predecessor-version":[{"id":12902,"href":"https:\/\/oui-iohe.org\/fr\/wp-json\/wp\/v2\/posts\/6463\/revisions\/12902"}],"wp:featuredmedia":[{"embeddable":true,"href":"https:\/\/oui-iohe.org\/fr\/wp-json\/wp\/v2\/media\/6458"}],"wp:attachment":[{"href":"https:\/\/oui-iohe.org\/fr\/wp-json\/wp\/v2\/media?parent=6463"}],"wp:term":[{"taxonomy":"category","embeddable":true,"href":"https:\/\/oui-iohe.org\/fr\/wp-json\/wp\/v2\/categories?post=6463"},{"taxonomy":"post_tag","embeddable":true,"href":"https:\/\/oui-iohe.org\/fr\/wp-json\/wp\/v2\/tags?post=6463"}],"curies":[{"name":"wp","href":"https:\/\/api.w.org\/{rel}","templated":true}]}}