{"id":8435,"date":"2021-04-08T21:42:06","date_gmt":"2021-04-09T01:42:06","guid":{"rendered":"https:\/\/oui-iohe.org\/convocatoria-para-participar-en-emovies-abierta-hasta-el-14-de-mayo\/"},"modified":"2021-04-08T22:17:03","modified_gmt":"2021-04-09T02:17:03","slug":"convocatoria-para-participar-en-emovies-abierta-hasta-el-14-de-mayo","status":"publish","type":"post","link":"https:\/\/oui-iohe.org\/fr\/convocatoria-para-participar-en-emovies-abierta-hasta-el-14-de-mayo\/","title":{"rendered":"L&rsquo;appel pour participer \u00e0 eMOVIES est ouvert jusqu&rsquo;au 14 mai"},"content":{"rendered":"<p>L&rsquo;espace de mobilit\u00e9 virtuelle en enseignement sup\u00e9rieur qui promeut la coop\u00e9ration acad\u00e9mique internationale (eMOVIES) a ouvert son appel jusqu&rsquo;au 14 mai 2021.<\/p>\n<p><strong>eMOVIES<\/strong> offre aux \u00e9tablissements d&rsquo;enseignement sup\u00e9rieur (EES) participants une alternative innovante qui encourage la mobilit\u00e9 virtuelle des \u00e9tudiants, favorise les relations strat\u00e9giques entre les EES et la possibilit\u00e9 d&rsquo;internationaliser l&rsquo;offre acad\u00e9mique. Il a \u00e9t\u00e9 cr\u00e9\u00e9 par l&rsquo;Organisation universitaire interam\u00e9ricaine (OUI) pour apporter des solutions aux activit\u00e9s d&rsquo;internationalisation qui ont \u00e9t\u00e9 affect\u00e9es par la crise mondiale de la sant\u00e9 publique.<\/p>\n<p>Il est actuellement compos\u00e9 de 95 IES membres de l&rsquo;OUI, dans lequel chaque institution met \u00e0 la disposition du consortium un nombre volontaire de places pour les cours ou mati\u00e8res propos\u00e9s en mode virtuel. Ceci, afin que chaque institution participante puisse \u00e9tablir un plan d&rsquo;\u00e9change d&rsquo;\u00e9tudiants en fonction de l&rsquo;offre acad\u00e9mique disponible.<\/p>\n<p><strong><a href=\"https:\/\/oui-iohe.org\/fr\/emovies\/\">Renseignez-vous sur les conditions et les conditions de participation<\/a><\/strong><\/p>\n<p><strong><a href=\"https:\/\/emovies.oui-iohe.org\/en\/\">Cliquez ici pour voir l\u2019offre acad\u00e9mique<\/a><\/strong><\/p>\n","protected":false},"excerpt":{"rendered":"<p>L&rsquo;espace de mobilit\u00e9 virtuelle en enseignement sup\u00e9rieur qui promeut la coop\u00e9ration acad\u00e9mique internationale (eMOVIES) a ouvert son appel jusqu&rsquo;au 14 [&hellip;]<\/p>\n","protected":false},"author":4,"featured_media":5600,"comment_status":"open","ping_status":"open","sticky":false,"template":"","format":"standard","meta":{"_acf_changed":false,"_monsterinsights_skip_tracking":false,"_monsterinsights_sitenote_active":false,"_monsterinsights_sitenote_note":"","_monsterinsights_sitenote_category":0,"footnotes":""},"categories":[179],"tags":[],"class_list":["post-8435","post","type-post","status-publish","format-standard","has-post-thumbnail","hentry","category-actualite"],"acf":[],"aioseo_notices":[],"_links":{"self":[{"href":"https:\/\/oui-iohe.org\/fr\/wp-json\/wp\/v2\/posts\/8435","targetHints":{"allow":["GET"]}}],"collection":[{"href":"https:\/\/oui-iohe.org\/fr\/wp-json\/wp\/v2\/posts"}],"about":[{"href":"https:\/\/oui-iohe.org\/fr\/wp-json\/wp\/v2\/types\/post"}],"author":[{"embeddable":true,"href":"https:\/\/oui-iohe.org\/fr\/wp-json\/wp\/v2\/users\/4"}],"replies":[{"embeddable":true,"href":"https:\/\/oui-iohe.org\/fr\/wp-json\/wp\/v2\/comments?post=8435"}],"version-history":[{"count":4,"href":"https:\/\/oui-iohe.org\/fr\/wp-json\/wp\/v2\/posts\/8435\/revisions"}],"predecessor-version":[{"id":8450,"href":"https:\/\/oui-iohe.org\/fr\/wp-json\/wp\/v2\/posts\/8435\/revisions\/8450"}],"wp:featuredmedia":[{"embeddable":true,"href":"https:\/\/oui-iohe.org\/fr\/wp-json\/wp\/v2\/media\/5600"}],"wp:attachment":[{"href":"https:\/\/oui-iohe.org\/fr\/wp-json\/wp\/v2\/media?parent=8435"}],"wp:term":[{"taxonomy":"category","embeddable":true,"href":"https:\/\/oui-iohe.org\/fr\/wp-json\/wp\/v2\/categories?post=8435"},{"taxonomy":"post_tag","embeddable":true,"href":"https:\/\/oui-iohe.org\/fr\/wp-json\/wp\/v2\/tags?post=8435"}],"curies":[{"name":"wp","href":"https:\/\/api.w.org\/{rel}","templated":true}]}}