{"id":10721,"date":"2022-01-24T12:21:10","date_gmt":"2022-01-24T17:21:10","guid":{"rendered":"https:\/\/oui-iohe.org\/dia-internacional-de-la-educacion-2022\/"},"modified":"2022-01-24T14:10:09","modified_gmt":"2022-01-24T19:10:09","slug":"dia-internacional-da-educacao-2022","status":"publish","type":"post","link":"https:\/\/oui-iohe.org\/pt-br\/dia-internacional-da-educacao-2022\/","title":{"rendered":"Dia Internacional da Educa\u00e7\u00e3o 2022"},"content":{"rendered":"<p><strong>\u201cMudar curso, transformar a educa\u00e7\u00e3o\u201d<\/strong><\/p>\n<p>A educa\u00e7\u00e3o \u00e9 um direito humano, um bem p\u00fablico e uma responsabilidade coletiva.<\/p>\n<p>A Assembleia Geral das Na\u00e7\u00f5es Unidas proclamou em 24 de janeiro o <a href=\"http:\/\/www.un.org\/en\/ga\/search\/view_doc.asp?symbol=A\/RES\/73\/25&amp;Lang=S\">Dia Internacional da Educa\u00e7\u00e3o<\/a>, em comemora\u00e7\u00e3o ao papel que a educa\u00e7\u00e3o desempenha na paz e no desenvolvimento.<\/p>\n<p>&#8220;Neste momento excepcional, n\u00e3o podemos continuar fazendo o mesmo de sempre. Se queremos transformar o futuro, se queremos mudar de rumo, devemos repensar a educa\u00e7\u00e3o. Trata-se de forjar um novo contrato social para a educa\u00e7\u00e3o, como preconizado no o relat\u00f3rio Futuros da Educa\u00e7\u00e3o, publicado em novembro passado. Precisamos reparar as injusti\u00e7as do passado e orientar a transforma\u00e7\u00e3o digital para inclus\u00e3o e equidade. E precisamos que a educa\u00e7\u00e3o contribua plenamente para o desenvolvimento sustent\u00e1vel, por exemplo, integrando a educa\u00e7\u00e3o ambiental em todos curr\u00edculos e forma\u00e7\u00e3o de professores nesta \u00e1rea.&#8221; &#8211; Audrey Azoulay, Diretora Geral da UNESCO, por ocasi\u00e3o do Dia Internacional da Educa\u00e7\u00e3o.<\/p>\n<p>Sem educa\u00e7\u00e3o de qualidade inclusiva e equitativa para todos e oportunidades de aprendizagem ao longo da vida, os pa\u00edses n\u00e3o conseguir\u00e3o alcan\u00e7ar a igualdade de g\u00eanero e quebrar o ciclo de pobreza que deixa milh\u00f5es de crian\u00e7as, jovens e adultos para tr\u00e1s.<\/p>\n<p>Da <strong>Organiza\u00e7\u00e3o Universit\u00e1ria Interamericana<\/strong> propomos o <strong>Espa\u00e7o de Mobilidade Virtual na Educa\u00e7\u00e3o Superior (<a href=\"https:\/\/oui-iohe.org\/pt-br\/emovies\/\">eMOVIES<\/a>)<\/strong> como uma iniciativa que se rege pelos princ\u00edpios de colabora\u00e7\u00e3o e reciprocidade e que n\u00e3o implica qualquer custo para o estudante que se candidata ao interc\u00e2mbio.<\/p>\n<p>Este cons\u00f3rcio de Institui\u00e7\u00f5es de Ensino Superior que s\u00e3o membros da OUI, oferece \u00e0s institui\u00e7\u00f5es de ensino superior (IES) participantes uma vis\u00e3o alternativa aos modelos tradicionais de mobilidade para a promo\u00e7\u00e3o do interc\u00e2mbio acad\u00e9mico no ensino superior, permitindo aos estudantes a oportunidade de estudar disciplinas de forma virtual ou modalidade \u00e0 dist\u00e2ncia oferecida por outras institui\u00e7\u00f5es membros da OUI.<\/p>\n","protected":false},"excerpt":{"rendered":"<p>\u201cMudar curso, transformar a educa\u00e7\u00e3o\u201d A educa\u00e7\u00e3o \u00e9 um direito humano, um bem p\u00fablico e uma responsabilidade coletiva. A Assembleia [&hellip;]<\/p>\n","protected":false},"author":4,"featured_media":10745,"comment_status":"open","ping_status":"open","sticky":false,"template":"","format":"standard","meta":{"_acf_changed":false,"_monsterinsights_skip_tracking":false,"_monsterinsights_sitenote_active":false,"_monsterinsights_sitenote_note":"","_monsterinsights_sitenote_category":0,"footnotes":""},"categories":[182],"tags":[],"class_list":["post-10721","post","type-post","status-publish","format-standard","has-post-thumbnail","hentry","category-atualidade"],"acf":[],"aioseo_notices":[],"_links":{"self":[{"href":"https:\/\/oui-iohe.org\/pt-br\/wp-json\/wp\/v2\/posts\/10721","targetHints":{"allow":["GET"]}}],"collection":[{"href":"https:\/\/oui-iohe.org\/pt-br\/wp-json\/wp\/v2\/posts"}],"about":[{"href":"https:\/\/oui-iohe.org\/pt-br\/wp-json\/wp\/v2\/types\/post"}],"author":[{"embeddable":true,"href":"https:\/\/oui-iohe.org\/pt-br\/wp-json\/wp\/v2\/users\/4"}],"replies":[{"embeddable":true,"href":"https:\/\/oui-iohe.org\/pt-br\/wp-json\/wp\/v2\/comments?post=10721"}],"version-history":[{"count":3,"href":"https:\/\/oui-iohe.org\/pt-br\/wp-json\/wp\/v2\/posts\/10721\/revisions"}],"predecessor-version":[{"id":10749,"href":"https:\/\/oui-iohe.org\/pt-br\/wp-json\/wp\/v2\/posts\/10721\/revisions\/10749"}],"wp:featuredmedia":[{"embeddable":true,"href":"https:\/\/oui-iohe.org\/pt-br\/wp-json\/wp\/v2\/media\/10745"}],"wp:attachment":[{"href":"https:\/\/oui-iohe.org\/pt-br\/wp-json\/wp\/v2\/media?parent=10721"}],"wp:term":[{"taxonomy":"category","embeddable":true,"href":"https:\/\/oui-iohe.org\/pt-br\/wp-json\/wp\/v2\/categories?post=10721"},{"taxonomy":"post_tag","embeddable":true,"href":"https:\/\/oui-iohe.org\/pt-br\/wp-json\/wp\/v2\/tags?post=10721"}],"curies":[{"name":"wp","href":"https:\/\/api.w.org\/{rel}","templated":true}]}}