{"id":1110,"date":"2018-04-18T17:00:09","date_gmt":"2018-04-18T21:00:09","guid":{"rendered":"http:\/\/www.oui-iohe.org\/conferencia-faubai-eleccion-consejo-brasil\/"},"modified":"2018-11-26T12:03:23","modified_gmt":"2018-11-26T17:03:23","slug":"conferencia-faubai-eleccion-consejo-brasil","status":"publish","type":"post","link":"https:\/\/oui-iohe.org\/pt-br\/conferencia-faubai-eleccion-consejo-brasil\/","title":{"rendered":"A OUI no Brasil, da Confer\u00eancia FAUBAI \u00e0 elei\u00e7\u00e3o do Conselho da Regi\u00e3o Brasil"},"content":{"rendered":"<p>Rio de Janeiro, Brasil, 18 de abril de 2018 \u2013 Brasil foi o centro do mundo universit\u00e1rio ao acolher, esta semana, dois eventos de grande envergadura que a Organiza\u00e7\u00e3o Universit\u00e1ria Interamericana (OUI) n\u00e3o podia faltar.<\/p>\n<p><strong>Confer\u00eancia FAUBAI 2018: Presen\u00e7a destacada da OUI<\/strong><\/p>\n<p>De 14 a 18 de abril se realizou a Confer\u00eancia FAUBAI, sobre o tema \u00ab<em>Internacionaliza\u00e7\u00e3o e Pesquisa: Desafios e Estrat\u00e9gias\u00bb<\/em>, organizada pela Associa\u00e7\u00e3o Brasileira de Educa\u00e7\u00e3o Internacional (FAUBAI), no \u00e2mbito da qual foi levada a cabo a Assembleia regional \u00ab\u00a0Brasil\u00a0\u00bb da OUI.<\/p>\n<p>Reunindo 700 pessoas de todos os horizontes, esta grande confer\u00eancia foi uma ocasi\u00e3o \u00fanica para encontrar os atores da comunidade acad\u00eamica e partilhar os saberes e as melhores pr\u00e1ticas num universo em constante evolu\u00e7\u00e3o. As discuss\u00f5es se concentraram na implanta\u00e7\u00e3o de estrat\u00e9gias globais de internacionaliza\u00e7\u00e3o, e mais particularmente, no desenvolvimento da atratividade da pesquisa brasileira.<\/p>\n<figure id=\"attachment_1103\" aria-describedby=\"caption-attachment-1103\" style=\"width: 300px\" class=\"wp-caption aligncenter\"><img loading=\"lazy\" decoding=\"async\" class=\"size-medium wp-image-1103\" src=\"http:\/\/www.oui-iohe.org\/wp-content\/uploads\/2018\/11\/20180417.-FAUBAI-2018_1-1-300x213.jpg\" alt=\"\" width=\"300\" height=\"213\" srcset=\"https:\/\/oui-iohe.org\/wp-content\/uploads\/2018\/11\/20180417.-FAUBAI-2018_1-1-300x213.jpg 300w, https:\/\/oui-iohe.org\/wp-content\/uploads\/2018\/11\/20180417.-FAUBAI-2018_1-1-768x546.jpg 768w, https:\/\/oui-iohe.org\/wp-content\/uploads\/2018\/11\/20180417.-FAUBAI-2018_1-1-1024x728.jpg 1024w, https:\/\/oui-iohe.org\/wp-content\/uploads\/2018\/11\/20180417.-FAUBAI-2018_1-1.jpg 1600w\" sizes=\"auto, (max-width: 300px) 100vw, 300px\" \/><figcaption id=\"caption-attachment-1103\" class=\"wp-caption-text\">FAUBAI 2018 \u2013 Internacionaliza\u00e7\u00e3o e Pesquisa: Desafios e Estrat\u00e9gias<\/figcaption><\/figure>\n<p>A OUI, pela voz de seu secret\u00e1rio geral executivo, Dr. David Julien, participou dos diferentes workshops a fim de recordar o papel federativo da OUI na cria\u00e7\u00e3o de espa\u00e7os comuns de ensino superior nas Am\u00e9ricas, particularmente atrav\u00e9s da realiza\u00e7\u00e3o do Congresso das Am\u00e9ricas sobre Educa\u00e7\u00e3o Internacional (CAEI) que re\u00fane cada dois anos todos os atores do continente ao redor desse tema.<\/p>\n<figure id=\"attachment_1095\" aria-describedby=\"caption-attachment-1095\" style=\"width: 300px\" class=\"wp-caption aligncenter\"><img loading=\"lazy\" decoding=\"async\" class=\"size-medium wp-image-1095\" src=\"http:\/\/www.oui-iohe.org\/wp-content\/uploads\/2018\/11\/20180417.-FAUBAI-2018_2-300x200.jpg\" alt=\"\" width=\"300\" height=\"200\" srcset=\"https:\/\/oui-iohe.org\/wp-content\/uploads\/2018\/11\/20180417.-FAUBAI-2018_2-300x200.jpg 300w, https:\/\/oui-iohe.org\/wp-content\/uploads\/2018\/11\/20180417.-FAUBAI-2018_2-768x513.jpg 768w, https:\/\/oui-iohe.org\/wp-content\/uploads\/2018\/11\/20180417.-FAUBAI-2018_2.jpg 1001w\" sizes=\"auto, (max-width: 300px) 100vw, 300px\" \/><figcaption id=\"caption-attachment-1095\" class=\"wp-caption-text\">Dr. David Julien, secret\u00e1rio geral executivo, no painel Paralelo V \u2013 Teacher Training II<\/figcaption><\/figure>\n<p><strong>O reitor da Universidade Presbiteriana Mackenzie eleito vice-presidente regional da OUI Brasil<\/strong><\/p>\n<p>A Assembleia regional Brasil da OUI se realizou paralelamente a esta grande s\u00e9rie de confer\u00eancias. Este encontro dos membros brasileiros da OUI permitiu eleger o novo vice-presidente regional na pessoa do Dr. Benedito Guimar\u00e3es Aguiar Neto, reitor da Universidade Presbiteriana Mackenzie e cinco novos conselheiros regionais: Profa. Mirian Thereza de Moura Serra, reitora, Universidade Federal de Mato Grosso, Dr. Marcelo Knobel, reitor, Universidade Estadual de Campinas, Dr. Waldemiro Gremski, reitor, Pontif\u00edcia Universidade Cat\u00f3lica do Paran\u00e1, Dr. An\u00edsio Brasileiro de Freitas Dourado, reitor, Universidade Federal de Pernambuco e Dr. Gunther Lother Pertschy, reitor, Centro Universit\u00e1rio de Brusque.<\/p>\n<figure id=\"attachment_1099\" aria-describedby=\"caption-attachment-1099\" style=\"width: 300px\" class=\"wp-caption aligncenter\"><img loading=\"lazy\" decoding=\"async\" class=\"size-medium wp-image-1099\" src=\"http:\/\/www.oui-iohe.org\/wp-content\/uploads\/2018\/11\/20180416.-Asamblea-regional-Brasil_1-300x225.jpg\" alt=\"\" width=\"300\" height=\"225\" srcset=\"https:\/\/oui-iohe.org\/wp-content\/uploads\/2018\/11\/20180416.-Asamblea-regional-Brasil_1-300x225.jpg 300w, https:\/\/oui-iohe.org\/wp-content\/uploads\/2018\/11\/20180416.-Asamblea-regional-Brasil_1-768x576.jpg 768w, https:\/\/oui-iohe.org\/wp-content\/uploads\/2018\/11\/20180416.-Asamblea-regional-Brasil_1-1024x768.jpg 1024w, https:\/\/oui-iohe.org\/wp-content\/uploads\/2018\/11\/20180416.-Asamblea-regional-Brasil_1.jpg 1600w\" sizes=\"auto, (max-width: 300px) 100vw, 300px\" \/><figcaption id=\"caption-attachment-1099\" class=\"wp-caption-text\">O novo Conselho regional OUI do Brasil<\/figcaption><\/figure>\n<p>O novo vice-presidente declarou: \u00abComo assumo igualmente a Presid\u00eancia do Conselho de Reitores das Universidades Brasileiras (CRUB), cremos no efeito federativo que ter\u00e1 este novo Conselho regional a fim de aumentar o <em>membership<\/em> da Regi\u00e3o e a pertin\u00eancia de nossas a\u00e7\u00f5es\u00bb.<\/p>\n<p>Este encontro foi tamb\u00e9m a oportunidade de trabalhar no Plano regional anual de atividades definido a partir das orienta\u00e7\u00f5es estrat\u00e9gicas OUI quinquenais 2017-2022. As grandes linhas de a\u00e7\u00e3o para 2018-2020 foram igualmente tra\u00e7adas que vir\u00e3o apoiar a estrat\u00e9gia global da OUI. As propostas dos conselheiros e dos membros da Regi\u00e3o respondem \u00e0s prioridades e necessidades espec\u00edficas regionais. \u00ab<em>O fato de incluir no Conselho grandes universidades caracterizadas pela excel\u00eancia de sua pesquisa, e institui\u00e7\u00f5es emergentes em setores de ponta nos permitir\u00e1 atender \u00e0s necessidades do conjunto de nossos membros que olham o Brasil como um pa\u00eds potencial para parcerias<\/em>\u00bb, acrescentou o Dr. David Julien, secret\u00e1rio geral executivo da OUI.<\/p>\n","protected":false},"excerpt":{"rendered":"<p>Rio de Janeiro, Brasil, 18 de abril de 2018 \u2013 Brasil foi o centro do mundo universit\u00e1rio ao acolher, esta [&hellip;]<\/p>\n","protected":false},"author":4,"featured_media":1103,"comment_status":"open","ping_status":"open","sticky":false,"template":"","format":"standard","meta":{"_acf_changed":false,"_monsterinsights_skip_tracking":false,"_monsterinsights_sitenote_active":false,"_monsterinsights_sitenote_note":"","_monsterinsights_sitenote_category":0,"footnotes":""},"categories":[182],"tags":[],"class_list":["post-1110","post","type-post","status-publish","format-standard","has-post-thumbnail","hentry","category-atualidade"],"acf":[],"aioseo_notices":[],"_links":{"self":[{"href":"https:\/\/oui-iohe.org\/pt-br\/wp-json\/wp\/v2\/posts\/1110","targetHints":{"allow":["GET"]}}],"collection":[{"href":"https:\/\/oui-iohe.org\/pt-br\/wp-json\/wp\/v2\/posts"}],"about":[{"href":"https:\/\/oui-iohe.org\/pt-br\/wp-json\/wp\/v2\/types\/post"}],"author":[{"embeddable":true,"href":"https:\/\/oui-iohe.org\/pt-br\/wp-json\/wp\/v2\/users\/4"}],"replies":[{"embeddable":true,"href":"https:\/\/oui-iohe.org\/pt-br\/wp-json\/wp\/v2\/comments?post=1110"}],"version-history":[{"count":3,"href":"https:\/\/oui-iohe.org\/pt-br\/wp-json\/wp\/v2\/posts\/1110\/revisions"}],"predecessor-version":[{"id":1179,"href":"https:\/\/oui-iohe.org\/pt-br\/wp-json\/wp\/v2\/posts\/1110\/revisions\/1179"}],"wp:featuredmedia":[{"embeddable":true,"href":"https:\/\/oui-iohe.org\/pt-br\/wp-json\/wp\/v2\/media\/1103"}],"wp:attachment":[{"href":"https:\/\/oui-iohe.org\/pt-br\/wp-json\/wp\/v2\/media?parent=1110"}],"wp:term":[{"taxonomy":"category","embeddable":true,"href":"https:\/\/oui-iohe.org\/pt-br\/wp-json\/wp\/v2\/categories?post=1110"},{"taxonomy":"post_tag","embeddable":true,"href":"https:\/\/oui-iohe.org\/pt-br\/wp-json\/wp\/v2\/tags?post=1110"}],"curies":[{"name":"wp","href":"https:\/\/api.w.org\/{rel}","templated":true}]}}