{"id":12328,"date":"2022-08-17T20:38:20","date_gmt":"2022-08-18T00:38:20","guid":{"rendered":"https:\/\/oui-iohe.org\/conferencia-buenas-practicas-para-la-movilidad-academica\/"},"modified":"2022-08-17T21:27:40","modified_gmt":"2022-08-18T01:27:40","slug":"conferencia-buenas-practicas-para-la-movilidad-academica","status":"publish","type":"post","link":"https:\/\/oui-iohe.org\/pt-br\/conferencia-buenas-practicas-para-la-movilidad-academica\/","title":{"rendered":"Conferencia: Buenas pr\u00e1cticas para la movilidad acad\u00e9mica"},"content":{"rendered":"<p><b>M\u00f3dulo Estrategias para la Movilidad Acad\u00e9mica\u00a0<\/b><\/p>\n<p><b>Diplomado en Internacionalizaci\u00f3n de la Educaci\u00f3n Superior (DIES) \u2013 12\u00aa edici\u00f3n<\/b><\/p>\n<p>A abertura da confer\u00eancia contou com palavras de boas-vindas da Dra. Leticia Jim\u00e9nez, Diretora Acad\u00eamica da OUI, que tamb\u00e9m apresentou o palestrante, Professor C\u00e9sar Eduardo Gutierrez Jurado, Presidente da Associa\u00e7\u00e3o Mexicana de Educa\u00e7\u00e3o Internacional (AMPEI).<\/p>\n<p><span style=\"font-weight: 400;\">Posteriormente, o orador apresentou o tema <\/span><b><i>\u201cBuenas pr\u00e1cticas para la movilidad acad\u00e9mica&#8221;, <\/i><\/b>abordando programas conjuntos internacionais e partilhando a sua experi\u00eancia sobre o tema ao longo da sua carreira, tendo tamb\u00e9m realizado uma sess\u00e3o de perguntas e respostas.<\/p>\n<p>O evento terminou com um agradecimento ao especialista convidado pela grande confer\u00eancia e despedida do Dr. Jim\u00e9nez.<\/p>\n<p><span style=\"font-weight: 400;\">O M\u00f3dulo Estrategias para la Movilidad Acad\u00e9mica del <\/span><span style=\"font-weight: 400;\">Diplomado en Internacionalizaci\u00f3n de la Educaci\u00f3n Superior (DIES) \u2013 12\u00aa edici\u00f3n<\/span><span style=\"font-weight: 400;\"> desenvolve compet\u00eancias para a elabora\u00e7\u00e3o de planos e programas de mobilidade acad\u00e9mica articulados com estrat\u00e9gias de internacionaliza\u00e7\u00e3o institucional.<\/span><\/p>\n","protected":false},"excerpt":{"rendered":"<p>M\u00f3dulo Estrategias para la Movilidad Acad\u00e9mica\u00a0 Diplomado en Internacionalizaci\u00f3n de la Educaci\u00f3n Superior (DIES) \u2013 12\u00aa edici\u00f3n A abertura da [&hellip;]<\/p>\n","protected":false},"author":4,"featured_media":12336,"comment_status":"open","ping_status":"open","sticky":false,"template":"","format":"standard","meta":{"_acf_changed":false,"_monsterinsights_skip_tracking":false,"_monsterinsights_sitenote_active":false,"_monsterinsights_sitenote_note":"","_monsterinsights_sitenote_category":0,"footnotes":""},"categories":[182],"tags":[],"class_list":["post-12328","post","type-post","status-publish","format-standard","has-post-thumbnail","hentry","category-atualidade"],"acf":[],"aioseo_notices":[],"_links":{"self":[{"href":"https:\/\/oui-iohe.org\/pt-br\/wp-json\/wp\/v2\/posts\/12328","targetHints":{"allow":["GET"]}}],"collection":[{"href":"https:\/\/oui-iohe.org\/pt-br\/wp-json\/wp\/v2\/posts"}],"about":[{"href":"https:\/\/oui-iohe.org\/pt-br\/wp-json\/wp\/v2\/types\/post"}],"author":[{"embeddable":true,"href":"https:\/\/oui-iohe.org\/pt-br\/wp-json\/wp\/v2\/users\/4"}],"replies":[{"embeddable":true,"href":"https:\/\/oui-iohe.org\/pt-br\/wp-json\/wp\/v2\/comments?post=12328"}],"version-history":[{"count":3,"href":"https:\/\/oui-iohe.org\/pt-br\/wp-json\/wp\/v2\/posts\/12328\/revisions"}],"predecessor-version":[{"id":12343,"href":"https:\/\/oui-iohe.org\/pt-br\/wp-json\/wp\/v2\/posts\/12328\/revisions\/12343"}],"wp:featuredmedia":[{"embeddable":true,"href":"https:\/\/oui-iohe.org\/pt-br\/wp-json\/wp\/v2\/media\/12336"}],"wp:attachment":[{"href":"https:\/\/oui-iohe.org\/pt-br\/wp-json\/wp\/v2\/media?parent=12328"}],"wp:term":[{"taxonomy":"category","embeddable":true,"href":"https:\/\/oui-iohe.org\/pt-br\/wp-json\/wp\/v2\/categories?post=12328"},{"taxonomy":"post_tag","embeddable":true,"href":"https:\/\/oui-iohe.org\/pt-br\/wp-json\/wp\/v2\/tags?post=12328"}],"curies":[{"name":"wp","href":"https:\/\/api.w.org\/{rel}","templated":true}]}}