{"id":14173,"date":"2023-08-30T16:00:23","date_gmt":"2023-08-30T20:00:23","guid":{"rendered":"https:\/\/oui-iohe.org\/conferencia-iglu-virtual-2023-la-vinculacion-universitaria-una-mirada-internacional\/"},"modified":"2023-08-30T16:18:15","modified_gmt":"2023-08-30T20:18:15","slug":"conferencia-iglu-virtual-2023-la-vinculacion-universitaria-una-mirada-internacional","status":"publish","type":"post","link":"https:\/\/oui-iohe.org\/pt-br\/conferencia-iglu-virtual-2023-la-vinculacion-universitaria-una-mirada-internacional\/","title":{"rendered":"Confer\u00eancia Virtual IGLU 2023: \u201cLa vinculaci\u00f3n universitaria: una mirada internacional\u201d"},"content":{"rendered":"<p>No \u00e2mbito do in\u00edcio do M\u00f3dulo II Gest\u00e3o do Conhecimento do Curso IGLU, realizou-se a Confer\u00eancia \u201cO v\u00ednculo universit\u00e1rio: uma perspectiva internacional\u201d (\u201cLa vinculaci\u00f3n universitaria: una mirada internacional\u201d)\u00a0.<\/p>\n<p>A abertura da confer\u00eancia contou com as palavras de boas-vindas da Dra. Leticia Jim\u00e9nez, Diretora Acad\u00eamica da OUI, que apresentou a palestrante, Dra. Victoria Gal\u00e1n, Diretora de Pesquisa e An\u00e1lise do Instituto Internacional de Educa\u00e7\u00e3o Superior da UNESCO.<\/p>\n<p>Posteriormente, entregou o uso do microfone \u00e0 especialista convidada, que iniciou a sua interven\u00e7\u00e3o com uma introdu\u00e7\u00e3o \u00e0 vincula\u00e7\u00e3o universit\u00e1ria, exp\u00f4s os novos modelos existentes para universidades interligadas e ecossistemas de inova\u00e7\u00e3o. Da mesma forma, falou sobre as \u00e1reas e atividades de liga\u00e7\u00e3o e encerrou a apresenta\u00e7\u00e3o mencionando casos de boas pr\u00e1ticas de universidades internacionais. Por fim, ele respondeu \u00e0s perguntas dos participantes.<\/p>\n<p>O Dr. Jim\u00e9nez finalizou agradecendo e despedindo-se do nosso convidado pela excelente confer\u00eancia e dos participantes.<\/p>\n<p>Este evento faz parte do Curso virtual IGLU 2023, que \u00e9 composto pelos m\u00f3dulos:<\/p>\n<p>M\u00f3dulo I: Gest\u00e3o Estrat\u00e9gica<\/p>\n<p>M\u00f3dulo II: Gest\u00e3o do conhecimento<\/p>\n<p>M\u00f3dulo III: Gest\u00e3o de recursos<\/p>\n<p>M\u00f3dulo IV: Autogest\u00e3o pessoal<\/p>\n<p>M\u00f3dulo V: Gerenciamento de projetos<\/p>\n<p>Nesta edi\u00e7\u00e3o contamos com 60 participantes, principalmente diretores e gerentes de 31 Institui\u00e7\u00f5es de Ensino Superior do M\u00e9xico, Brasil, Chile, Col\u00f4mbia, El Salvador, Honduras e Rep\u00fablica Dominicana.<\/p>\n<p>&nbsp;<\/p>\n<p><img loading=\"lazy\" decoding=\"async\" class=\"alignnone wp-image-14162 size-large\" src=\"https:\/\/oui-iohe.org\/wp-content\/uploads\/2023\/08\/1.Conferencia-Victoria-Galan-IGLU-2023-08-30-1024x755.jpg\" alt=\"\" width=\"1024\" height=\"755\" srcset=\"https:\/\/oui-iohe.org\/wp-content\/uploads\/2023\/08\/1.Conferencia-Victoria-Galan-IGLU-2023-08-30-1024x755.jpg 1024w, https:\/\/oui-iohe.org\/wp-content\/uploads\/2023\/08\/1.Conferencia-Victoria-Galan-IGLU-2023-08-30-300x221.jpg 300w, https:\/\/oui-iohe.org\/wp-content\/uploads\/2023\/08\/1.Conferencia-Victoria-Galan-IGLU-2023-08-30-768x566.jpg 768w, https:\/\/oui-iohe.org\/wp-content\/uploads\/2023\/08\/1.Conferencia-Victoria-Galan-IGLU-2023-08-30-1536x1133.jpg 1536w, https:\/\/oui-iohe.org\/wp-content\/uploads\/2023\/08\/1.Conferencia-Victoria-Galan-IGLU-2023-08-30-2048x1511.jpg 2048w\" sizes=\"auto, (max-width: 1024px) 100vw, 1024px\" \/><\/p>\n<p>&nbsp;<\/p>\n","protected":false},"excerpt":{"rendered":"<p>No \u00e2mbito do in\u00edcio do M\u00f3dulo II Gest\u00e3o do Conhecimento do Curso IGLU, realizou-se a Confer\u00eancia \u201cO v\u00ednculo universit\u00e1rio: uma [&hellip;]<\/p>\n","protected":false},"author":4,"featured_media":14170,"comment_status":"open","ping_status":"open","sticky":false,"template":"","format":"standard","meta":{"_acf_changed":false,"_monsterinsights_skip_tracking":false,"_monsterinsights_sitenote_active":false,"_monsterinsights_sitenote_note":"","_monsterinsights_sitenote_category":0,"footnotes":""},"categories":[182],"tags":[],"class_list":["post-14173","post","type-post","status-publish","format-standard","has-post-thumbnail","hentry","category-atualidade"],"acf":[],"aioseo_notices":[],"_links":{"self":[{"href":"https:\/\/oui-iohe.org\/pt-br\/wp-json\/wp\/v2\/posts\/14173","targetHints":{"allow":["GET"]}}],"collection":[{"href":"https:\/\/oui-iohe.org\/pt-br\/wp-json\/wp\/v2\/posts"}],"about":[{"href":"https:\/\/oui-iohe.org\/pt-br\/wp-json\/wp\/v2\/types\/post"}],"author":[{"embeddable":true,"href":"https:\/\/oui-iohe.org\/pt-br\/wp-json\/wp\/v2\/users\/4"}],"replies":[{"embeddable":true,"href":"https:\/\/oui-iohe.org\/pt-br\/wp-json\/wp\/v2\/comments?post=14173"}],"version-history":[{"count":2,"href":"https:\/\/oui-iohe.org\/pt-br\/wp-json\/wp\/v2\/posts\/14173\/revisions"}],"predecessor-version":[{"id":14182,"href":"https:\/\/oui-iohe.org\/pt-br\/wp-json\/wp\/v2\/posts\/14173\/revisions\/14182"}],"wp:featuredmedia":[{"embeddable":true,"href":"https:\/\/oui-iohe.org\/pt-br\/wp-json\/wp\/v2\/media\/14170"}],"wp:attachment":[{"href":"https:\/\/oui-iohe.org\/pt-br\/wp-json\/wp\/v2\/media?parent=14173"}],"wp:term":[{"taxonomy":"category","embeddable":true,"href":"https:\/\/oui-iohe.org\/pt-br\/wp-json\/wp\/v2\/categories?post=14173"},{"taxonomy":"post_tag","embeddable":true,"href":"https:\/\/oui-iohe.org\/pt-br\/wp-json\/wp\/v2\/tags?post=14173"}],"curies":[{"name":"wp","href":"https:\/\/api.w.org\/{rel}","templated":true}]}}