{"id":14600,"date":"2023-09-20T15:51:04","date_gmt":"2023-09-20T19:51:04","guid":{"rendered":"https:\/\/oui-iohe.org\/conferencia-internacionalizacion-del-curriculo\/"},"modified":"2023-10-04T16:13:27","modified_gmt":"2023-10-04T20:13:27","slug":"conferencia-internacionalizacion-del-curriculo","status":"publish","type":"post","link":"https:\/\/oui-iohe.org\/pt-br\/conferencia-internacionalizacion-del-curriculo\/","title":{"rendered":"Confer\u00eancia \u201cInternacionaliza\u00e7\u00e3o do curr\u00edculo\u201d"},"content":{"rendered":"<p><em><strong>M\u00f3dulo Internacionaliza\u00e7\u00e3o do Curr\u00edculo: um enfoque conectivo da 13\u00b0 edi\u00e7\u00e3o do Diplomado em Internacionaliza\u00e7\u00e3o da Educa\u00e7\u00e3o Superior (DIES)<\/strong><\/em><\/p>\n<p>A abertura da confer\u00eancia continuou com os discursos de boas-vindas da Dra. Leticia Jim\u00e9nez, Diretora Acad\u00eamica SIM e Mtra. Catalina Cerquera, Coordenadora Acad\u00eamica do curso, que apresentou ao especialista convidado, Dr. Gerardo Blanco, Diretor Acad\u00eamico do Centro de Educa\u00e7\u00e3o Superior Internacional do Boston College e Membro do Conselho Consultivo da OUI.<br \/>\nPosteriormente, o Dr. Blanco iniciou o desenvolvimento do futuro da internacionaliza\u00e7\u00e3o, o plano de estudos internacionais e abordou os desafios que atualmente se apresentam na EE. UU. Finalizou com uma sess\u00e3o de expectativas e respostas dos participantes que ampliaram seus coment\u00e1rios e agradecimentos pela excelente resposta. Por fim, a pedra foi despedida pela Dra. Jim\u00e9nez.<br \/>\nEste terceiro m\u00f3dulo do Diploma Internacional em Ensino Superior permite aos participantes desenhar estrat\u00e9gias para incorporar a dimens\u00e3o internacional no curr\u00edculo a partir de um curso conectado.<br \/>\nParticipantes do m\u00f3dulo 50 diretores, coordenadores e professores de diversas Institui\u00e7\u00f5es de Ensino Superior dispon\u00edveis no Brasil, Chile, Equador, El Salvador, Honduras, M\u00e9xico, Porto Rico e Venezuela.<br \/>\nO Diploma Internacional em Ensino Superior inclui tr\u00eas m\u00f3dulos:<br \/>\n-Planejamento e Gest\u00e3o da Internacionaliza\u00e7\u00e3o<br \/>\n-Estrategias para a Movilidade Acad\u00eamica<br \/>\n-Internacionaliza\u00e7\u00e3o do Curr\u00edculo: um quadro conectado<\/p>\n<p><img loading=\"lazy\" decoding=\"async\" class=\"alignnone wp-image-14593 size-large\" src=\"https:\/\/oui-iohe.org\/wp-content\/uploads\/2023\/10\/dies-1024x683.gif\" alt=\"\" width=\"1024\" height=\"683\" srcset=\"https:\/\/oui-iohe.org\/wp-content\/uploads\/2023\/10\/dies-1024x683.gif 1024w, https:\/\/oui-iohe.org\/wp-content\/uploads\/2023\/10\/dies-300x200.gif 300w, https:\/\/oui-iohe.org\/wp-content\/uploads\/2023\/10\/dies-768x512.gif 768w, https:\/\/oui-iohe.org\/wp-content\/uploads\/2023\/10\/dies-391x260.gif 391w\" sizes=\"auto, (max-width: 1024px) 100vw, 1024px\" \/><\/p>\n","protected":false},"excerpt":{"rendered":"<p>M\u00f3dulo Internacionaliza\u00e7\u00e3o do Curr\u00edculo: um enfoque conectivo da 13\u00b0 edi\u00e7\u00e3o do Diplomado em Internacionaliza\u00e7\u00e3o da Educa\u00e7\u00e3o Superior (DIES) A abertura [&hellip;]<\/p>\n","protected":false},"author":4,"featured_media":14596,"comment_status":"closed","ping_status":"closed","sticky":false,"template":"","format":"standard","meta":{"_acf_changed":false,"_monsterinsights_skip_tracking":false,"_monsterinsights_sitenote_active":false,"_monsterinsights_sitenote_note":"","_monsterinsights_sitenote_category":0,"footnotes":""},"categories":[182],"tags":[],"class_list":["post-14600","post","type-post","status-publish","format-standard","has-post-thumbnail","hentry","category-atualidade"],"acf":[],"aioseo_notices":[],"_links":{"self":[{"href":"https:\/\/oui-iohe.org\/pt-br\/wp-json\/wp\/v2\/posts\/14600","targetHints":{"allow":["GET"]}}],"collection":[{"href":"https:\/\/oui-iohe.org\/pt-br\/wp-json\/wp\/v2\/posts"}],"about":[{"href":"https:\/\/oui-iohe.org\/pt-br\/wp-json\/wp\/v2\/types\/post"}],"author":[{"embeddable":true,"href":"https:\/\/oui-iohe.org\/pt-br\/wp-json\/wp\/v2\/users\/4"}],"replies":[{"embeddable":true,"href":"https:\/\/oui-iohe.org\/pt-br\/wp-json\/wp\/v2\/comments?post=14600"}],"version-history":[{"count":3,"href":"https:\/\/oui-iohe.org\/pt-br\/wp-json\/wp\/v2\/posts\/14600\/revisions"}],"predecessor-version":[{"id":14609,"href":"https:\/\/oui-iohe.org\/pt-br\/wp-json\/wp\/v2\/posts\/14600\/revisions\/14609"}],"wp:featuredmedia":[{"embeddable":true,"href":"https:\/\/oui-iohe.org\/pt-br\/wp-json\/wp\/v2\/media\/14596"}],"wp:attachment":[{"href":"https:\/\/oui-iohe.org\/pt-br\/wp-json\/wp\/v2\/media?parent=14600"}],"wp:term":[{"taxonomy":"category","embeddable":true,"href":"https:\/\/oui-iohe.org\/pt-br\/wp-json\/wp\/v2\/categories?post=14600"},{"taxonomy":"post_tag","embeddable":true,"href":"https:\/\/oui-iohe.org\/pt-br\/wp-json\/wp\/v2\/tags?post=14600"}],"curies":[{"name":"wp","href":"https:\/\/api.w.org\/{rel}","templated":true}]}}