{"id":14648,"date":"2023-10-04T17:42:49","date_gmt":"2023-10-04T21:42:49","guid":{"rendered":"https:\/\/oui-iohe.org\/mision-oui-el-salvador\/"},"modified":"2023-12-14T13:09:59","modified_gmt":"2023-12-14T18:09:59","slug":"mision-oui-el-salvador","status":"publish","type":"post","link":"https:\/\/oui-iohe.org\/pt-br\/mision-oui-el-salvador\/","title":{"rendered":"Miss\u00e3o OUI em El Salvador"},"content":{"rendered":"<p><em><strong>A Dra. Leticia Jim\u00e9nez, Diretora Acad\u00eamica da OUI, esteve em miss\u00e3o em El Salvador apresentando a organiza\u00e7\u00e3o a diversas institui\u00e7\u00f5es daquele pa\u00eds, convidando seus diretores para participar do Congresso das Am\u00e9ricas sobre Educa\u00e7\u00e3o Internacional (CAEI) e ministrando o workshop. a cultura organizacional para a mudan\u00e7a.\u201d<\/strong><\/em><\/p>\n<p>Confira abaixo um resumo da miss\u00e3o:<\/p>\n<p><strong>Reuni\u00e3o de Reitores da UCA<\/strong><\/p>\n<p><strong>27 de setembro de 2023<\/strong><\/p>\n<p>No dia 27 de setembro foi realizada na Universidade Centroamericana Jos\u00e9 Sime\u00f3n Ca\u00f1as (UCA) uma reuni\u00e3o informativa da Organiza\u00e7\u00e3o Universit\u00e1ria Internacional (OUI), na qual a Dra. Leticia Jim\u00e9nez, Diretora Acad\u00eamica da OUI, falou sobre o portf\u00f3lio de atividades oferecidas e sobre o pr\u00f3ximo evento, o Congresso das Am\u00e9ricas sobre Educa\u00e7\u00e3o Internacional (CAEI) que ser\u00e1 realizado em Las Vegas nos dias 6, 7 e 8 de novembro de 2023.<\/p>\n<p>Participaram cerca de 15 institui\u00e7\u00f5es de El Salvador, incluindo: Universidad de Oriente, Universidad Dr. Andr\u00e9s Bello, Universidad Polit\u00e9cnica de El Salvador, Universidad Salvadore\u00f1a Alberto Masferrer, Universidad Modular Abierta, Universidad Centroamericana Jos\u00e9 Sime\u00f3n Ca\u00f1as, Escuela de Comunicaci\u00f3n M\u00f3nica Herrera, Albert Einstein Universidade, Escola Superior Francisca Esfe-\u00c1gape, Instituto Tecnol\u00f3gico, Escola T\u00e9cnica de Sa\u00fade, Instituto Superior Especializado de N\u00edvel Superior, Escola Especializada de Engenharia, Universidade Nueva San Salvador e Escola Superior de Neg\u00f3cios e Economia.<\/p>\n<p><img loading=\"lazy\" decoding=\"async\" class=\"alignnone wp-image-14629 size-large\" src=\"https:\/\/oui-iohe.org\/wp-content\/uploads\/2023\/10\/4-1024x683.jpg\" alt=\"\" width=\"1024\" height=\"683\" srcset=\"https:\/\/oui-iohe.org\/wp-content\/uploads\/2023\/10\/4-1024x683.jpg 1024w, https:\/\/oui-iohe.org\/wp-content\/uploads\/2023\/10\/4-300x200.jpg 300w, https:\/\/oui-iohe.org\/wp-content\/uploads\/2023\/10\/4-768x512.jpg 768w, https:\/\/oui-iohe.org\/wp-content\/uploads\/2023\/10\/4-391x260.jpg 391w, https:\/\/oui-iohe.org\/wp-content\/uploads\/2023\/10\/4-1536x1024.jpg 1536w, https:\/\/oui-iohe.org\/wp-content\/uploads\/2023\/10\/4-2048x1365.jpg 2048w\" sizes=\"auto, (max-width: 1024px) 100vw, 1024px\" \/><\/p>\n<p><strong>Workshop \u201cFortalecendo a cultura organizacional para a mudan\u00e7a\u201d<\/strong><\/p>\n<p><strong>28 e 29 de setembro de 2023<\/strong><\/p>\n<p>A Doutora Leticia Jim\u00e9nez, Diretora Acad\u00eamica da Organiza\u00e7\u00e3o Universit\u00e1ria Interamericana (OUI), ministrou o Workshop \u201cFortalecimento da cultura organizacional para a mudan\u00e7a\u201d a gestores, professores e pessoal administrativo da Universidade Modular Aberta (UMA), pertencente \u00e0 sede do Centro Regional de Santa Ana, onde compareceram 60 pessoas, Centro Regional de Sonsonate, 75 pessoas e na sede de San Salvador, 30 pessoas.<\/p>\n<p>No Workshop foram abordados temas relacionados \u00e0 mudan\u00e7a e fortalecimento da cultura das institui\u00e7\u00f5es, com o objetivo de mudar o pensamento das equipes de trabalho para melhorar e incentiv\u00e1-las a olhar para outros caminhos.<\/p>\n<p><img loading=\"lazy\" decoding=\"async\" class=\"alignnone wp-image-14637 size-large\" src=\"https:\/\/oui-iohe.org\/wp-content\/uploads\/2023\/10\/SONSONATE4-1024x640.jpeg\" alt=\"\" width=\"1024\" height=\"640\" srcset=\"https:\/\/oui-iohe.org\/wp-content\/uploads\/2023\/10\/SONSONATE4-1024x640.jpeg 1024w, https:\/\/oui-iohe.org\/wp-content\/uploads\/2023\/10\/SONSONATE4-300x188.jpeg 300w, https:\/\/oui-iohe.org\/wp-content\/uploads\/2023\/10\/SONSONATE4-768x480.jpeg 768w, https:\/\/oui-iohe.org\/wp-content\/uploads\/2023\/10\/SONSONATE4-1536x960.jpeg 1536w, https:\/\/oui-iohe.org\/wp-content\/uploads\/2023\/10\/SONSONATE4.jpeg 1600w\" sizes=\"auto, (max-width: 1024px) 100vw, 1024px\" \/><\/p>\n<p><strong>Congresso Internacional \u201cEduca\u00e7\u00e3o e Inova\u00e7\u00e3o\u201d<\/strong><\/p>\n<p><strong>30 de setembro de 2023<\/strong><\/p>\n<p>A Universidade Modular Aberta (UMA) desenvolveu o Primeiro Congresso Internacional \u201cEduca\u00e7\u00e3o e Inova\u00e7\u00e3o\u201d, o evento come\u00e7ou com as palavras de boas-vindas da Reitora da institui\u00e7\u00e3o, Dra. Judith Mendoza, que agradeceu a presen\u00e7a de todos os participantes.<\/p>\n<p>Posteriormente, a Dra. Leticia Jim\u00e9nez, Diretora Acad\u00eamica da Organiza\u00e7\u00e3o Universit\u00e1ria Interamericana (OUI) proferiu a Confer\u00eancia Master \u201cAprendizagem h\u00edbrida, um espa\u00e7o para a inova\u00e7\u00e3o educacional nas IES\u201d, onde abordou alguns temas importantes como a inova\u00e7\u00e3o, os pilares da mudan\u00e7a em institui\u00e7\u00f5es e modelos h\u00edbridos.<\/p>\n<p>Da mesma forma, participou do Painel \u201cInova\u00e7\u00f5es educacionais para 2030, desafios inevit\u00e1veis \u200b\u200ba serem enfrentados\u201d, onde foram desenvolvidos temas relacionados \u00e0 tecnologia, que se somam para melhorar a educa\u00e7\u00e3o.<\/p>\n<p>Estiveram presentes cerca de 300 pessoas e participaram palestrantes de diversos pa\u00edses como Argentina, M\u00e9xico, Col\u00f4mbia, Costa Rica e El Salvador, que falaram sobre educa\u00e7\u00e3o digital em tempos de intelig\u00eancia artificial: oportunidades e desafios na sala de aula do s\u00e9culo XXI, inova\u00e7\u00e3o na educa\u00e7\u00e3o no s\u00e9culo XXI s\u00e9culo e educa\u00e7\u00e3o e internaliza\u00e7\u00e3o.<\/p>\n<p><img loading=\"lazy\" decoding=\"async\" class=\"alignnone wp-image-14633 size-large\" src=\"https:\/\/oui-iohe.org\/wp-content\/uploads\/2023\/10\/CONGRESO19-1024x683.jpg\" alt=\"\" width=\"1024\" height=\"683\" srcset=\"https:\/\/oui-iohe.org\/wp-content\/uploads\/2023\/10\/CONGRESO19-1024x683.jpg 1024w, https:\/\/oui-iohe.org\/wp-content\/uploads\/2023\/10\/CONGRESO19-300x200.jpg 300w, https:\/\/oui-iohe.org\/wp-content\/uploads\/2023\/10\/CONGRESO19-768x512.jpg 768w, https:\/\/oui-iohe.org\/wp-content\/uploads\/2023\/10\/CONGRESO19-391x260.jpg 391w, https:\/\/oui-iohe.org\/wp-content\/uploads\/2023\/10\/CONGRESO19-1536x1024.jpg 1536w, https:\/\/oui-iohe.org\/wp-content\/uploads\/2023\/10\/CONGRESO19-2048x1365.jpg 2048w\" sizes=\"auto, (max-width: 1024px) 100vw, 1024px\" \/><\/p>\n<p>&nbsp;<\/p>\n","protected":false},"excerpt":{"rendered":"<p>A Dra. Leticia Jim\u00e9nez, Diretora Acad\u00eamica da OUI, esteve em miss\u00e3o em El Salvador apresentando a organiza\u00e7\u00e3o a diversas institui\u00e7\u00f5es [&hellip;]<\/p>\n","protected":false},"author":4,"featured_media":14644,"comment_status":"closed","ping_status":"closed","sticky":false,"template":"","format":"standard","meta":{"_acf_changed":false,"_monsterinsights_skip_tracking":false,"_monsterinsights_sitenote_active":false,"_monsterinsights_sitenote_note":"","_monsterinsights_sitenote_category":0,"footnotes":""},"categories":[182],"tags":[],"class_list":["post-14648","post","type-post","status-publish","format-standard","has-post-thumbnail","hentry","category-atualidade"],"acf":[],"aioseo_notices":[],"_links":{"self":[{"href":"https:\/\/oui-iohe.org\/pt-br\/wp-json\/wp\/v2\/posts\/14648","targetHints":{"allow":["GET"]}}],"collection":[{"href":"https:\/\/oui-iohe.org\/pt-br\/wp-json\/wp\/v2\/posts"}],"about":[{"href":"https:\/\/oui-iohe.org\/pt-br\/wp-json\/wp\/v2\/types\/post"}],"author":[{"embeddable":true,"href":"https:\/\/oui-iohe.org\/pt-br\/wp-json\/wp\/v2\/users\/4"}],"replies":[{"embeddable":true,"href":"https:\/\/oui-iohe.org\/pt-br\/wp-json\/wp\/v2\/comments?post=14648"}],"version-history":[{"count":3,"href":"https:\/\/oui-iohe.org\/pt-br\/wp-json\/wp\/v2\/posts\/14648\/revisions"}],"predecessor-version":[{"id":15002,"href":"https:\/\/oui-iohe.org\/pt-br\/wp-json\/wp\/v2\/posts\/14648\/revisions\/15002"}],"wp:featuredmedia":[{"embeddable":true,"href":"https:\/\/oui-iohe.org\/pt-br\/wp-json\/wp\/v2\/media\/14644"}],"wp:attachment":[{"href":"https:\/\/oui-iohe.org\/pt-br\/wp-json\/wp\/v2\/media?parent=14648"}],"wp:term":[{"taxonomy":"category","embeddable":true,"href":"https:\/\/oui-iohe.org\/pt-br\/wp-json\/wp\/v2\/categories?post=14648"},{"taxonomy":"post_tag","embeddable":true,"href":"https:\/\/oui-iohe.org\/pt-br\/wp-json\/wp\/v2\/tags?post=14648"}],"curies":[{"name":"wp","href":"https:\/\/api.w.org\/{rel}","templated":true}]}}