{"id":2081,"date":"2017-07-05T17:00:48","date_gmt":"2017-07-05T21:00:48","guid":{"rendered":"https:\/\/oui-iohe.org\/oui-tical-2017\/"},"modified":"2019-01-08T12:06:33","modified_gmt":"2019-01-08T17:06:33","slug":"oui-tical-2017","status":"publish","type":"post","link":"https:\/\/oui-iohe.org\/pt-br\/oui-tical-2017\/","title":{"rendered":"OUI presente na Confer\u00eancia TICAL 2017"},"content":{"rendered":"<p>&nbsp;<\/p>\n<p>San Jos\u00e9, Costa Rica, 05\/07\/2017 &#8211; No \u00e2mbito da Confer\u00eancia anual\u00a0 TICAL da Red CLARA, realizada este ano em San Jos\u00e9, Costa Rica, a Organiza\u00e7\u00e3o Universit\u00e1ria Interamericana (OUI) organizou juntamente a Mesa de Reitores \u201cPotenciando a Universidade do S\u00e9culo 21\u201d. O evento do dia 4 de julho de 2017 foi moderado pelo secret\u00e1rio geral executivo da OUI, Dr. David Julien, e dele participaram dirigentes do ensino superior de Argentina, Costa Rica, M\u00e9xico e Panam\u00e1.<\/p>\n<p>Deste modo, os reitores Dr. Mario Ricardo Sabbatini, <em>Universidad Nacional del Sur<\/em> (Argentina), Dr. Marcelo Prieto, <em>Universidad T\u00e9cnica Nacional<\/em> (Costa Rica), Dra. Mar\u00eda Esther Avelar \u00c1lvarez, <em>Universidad de Guadalajara Virtual<\/em> (M\u00e9xico) e Dr. Jos\u00e9 Barrios, <em>Universidad Especializada del Contador P\u00fablico Autorizado<\/em> &#8211; UNESCPA (Panam\u00e1), se reuniram para analisar os temas de maior relev\u00e2ncia na \u00e1rea das tecnologias da informa\u00e7\u00e3o e comunica\u00e7\u00e3o (TIC) no contexto do ensino superior da Am\u00e9rica latina.<\/p>\n<p>Em cada edi\u00e7\u00e3o, a Confer\u00eancia TICAL congrega os diretores de TIC das institui\u00e7\u00f5es de ensino superior das Am\u00e9ricas e outros continentes. Entre os temas tratados este ano, se destacaram o crescente uso de dispositivos m\u00f3veis na Universidade, a incid\u00eancia de fatores como o <em>big data<\/em>\u00a0e o <em>analytics<\/em> no desenvolvimento do ensino superior da regi\u00e3o, particularmente nos pr\u00f3ximos cinco anos, assim como os desafios que enfrentam as institui\u00e7\u00f5es para instaurar estes recursos tecnol\u00f3gicos dentro das institui\u00e7\u00f5es e os impactos ocasionados por este giro tecnol\u00f3gico nas distintas fun\u00e7\u00f5es da universidade, como o ensino, a pesquisa, a extens\u00e3o y a gest\u00e3o.<\/p>\n<p>&#8220;Este evento foi poss\u00edvel gra\u00e7as \u00e0 colabora\u00e7\u00e3o entre a Rede CLARA e a OUI, assim como \u00e0 participa\u00e7\u00e3o ativa de altas autoridades internacionais, o que permitiu analisar amplamente as realidades existentes nas universidades da regi\u00e3o. O perfeito exemplo da riqueza que emerge desta diversidade foi a Mesa de reitores onde estavam representadas quatro importantes universidades do continente americano. Agora queremos seguir dialogando e refletir sobre a maneira como poderemos dar seguimento a esta iniciativa, por exemplo com a implementa\u00e7\u00e3o de atividades de capacita\u00e7\u00e3o para diretores de TIC de nossas universidades&#8221;, explicou o Dr. Julien.<\/p>\n<p>Por outro lado, os reitores de institui\u00e7\u00f5es membros da OUI, que participaram da TICAL 2017, receberam positivamente o relat\u00f3rio intitulado\u00a0<em><a href=\"http:\/\/www.oui-iohe.org\/assets\/Tical-2017-Publicacion.pdf\">Potenciando la Universidad del Siglo XXI. Soluciones TICAL para pensar la universidad del futuro<\/a><\/em>,\u00a0o qual convidamos nossos membros a consultar clicando no link correspondente.<\/p>\n<p>Anualmente, a OUI organiza e participa de dezenas de atividades relacionadas com o desenvolvimento da ci\u00eancia e tecnologia, como a Confer\u00eancia TICAL, e, em particular, o <u>Congresso das Am\u00e9ricas sobre Educa\u00e7\u00e3o Internacional (CAEI),<\/u> cuja Quinta Edi\u00e7\u00e3o ter\u00e1 lugar de 11 a 13 de outubro de 2017, em Montreal, Canad\u00e1, sob o t\u00edtulo &#8220;Preparando os L\u00edderes e Inovadores de Amanh\u00e3: Pesquisa e Ensino superior, Pontes para a Prosperidade nas Am\u00e9ricas&#8221;.<\/p>\n<p>&nbsp;<\/p>\n","protected":false},"excerpt":{"rendered":"<p>&nbsp; San Jos\u00e9, Costa Rica, 05\/07\/2017 &#8211; No \u00e2mbito da Confer\u00eancia anual\u00a0 TICAL da Red CLARA, realizada este ano em [&hellip;]<\/p>\n","protected":false},"author":4,"featured_media":0,"comment_status":"open","ping_status":"open","sticky":false,"template":"","format":"standard","meta":{"_acf_changed":false,"_monsterinsights_skip_tracking":false,"_monsterinsights_sitenote_active":false,"_monsterinsights_sitenote_note":"","_monsterinsights_sitenote_category":0,"footnotes":""},"categories":[182],"tags":[],"class_list":["post-2081","post","type-post","status-publish","format-standard","hentry","category-atualidade"],"acf":[],"aioseo_notices":[],"_links":{"self":[{"href":"https:\/\/oui-iohe.org\/pt-br\/wp-json\/wp\/v2\/posts\/2081","targetHints":{"allow":["GET"]}}],"collection":[{"href":"https:\/\/oui-iohe.org\/pt-br\/wp-json\/wp\/v2\/posts"}],"about":[{"href":"https:\/\/oui-iohe.org\/pt-br\/wp-json\/wp\/v2\/types\/post"}],"author":[{"embeddable":true,"href":"https:\/\/oui-iohe.org\/pt-br\/wp-json\/wp\/v2\/users\/4"}],"replies":[{"embeddable":true,"href":"https:\/\/oui-iohe.org\/pt-br\/wp-json\/wp\/v2\/comments?post=2081"}],"version-history":[{"count":2,"href":"https:\/\/oui-iohe.org\/pt-br\/wp-json\/wp\/v2\/posts\/2081\/revisions"}],"predecessor-version":[{"id":2083,"href":"https:\/\/oui-iohe.org\/pt-br\/wp-json\/wp\/v2\/posts\/2081\/revisions\/2083"}],"wp:attachment":[{"href":"https:\/\/oui-iohe.org\/pt-br\/wp-json\/wp\/v2\/media?parent=2081"}],"wp:term":[{"taxonomy":"category","embeddable":true,"href":"https:\/\/oui-iohe.org\/pt-br\/wp-json\/wp\/v2\/categories?post=2081"},{"taxonomy":"post_tag","embeddable":true,"href":"https:\/\/oui-iohe.org\/pt-br\/wp-json\/wp\/v2\/tags?post=2081"}],"curies":[{"name":"wp","href":"https:\/\/api.w.org\/{rel}","templated":true}]}}