{"id":2088,"date":"2017-06-14T17:00:32","date_gmt":"2017-06-14T21:00:32","guid":{"rendered":"https:\/\/oui-iohe.org\/iohe-auf\/"},"modified":"2019-01-08T12:32:09","modified_gmt":"2019-01-08T17:32:09","slug":"oui-auf","status":"publish","type":"post","link":"https:\/\/oui-iohe.org\/pt-br\/oui-auf\/","title":{"rendered":"Uma alian\u00e7a entre as Am\u00e9ricas e a Francofonia para criar a universidade de amanh\u00e3"},"content":{"rendered":"<p>&nbsp;<\/p>\n<p>Montreal, Canad\u00e1, 14\/06\/2017 &#8211;\u00a0A <strong>Organiza\u00e7\u00e3o Universit\u00e1ria Interamericana<\/strong> e a <strong><u><a href=\"https:\/\/www.auf.org\/\">Agence universitaire de la Francophonie<\/a><\/u><\/strong> firmam nesta quarta-feira 14 de junho de 2017, por ocasi\u00e3o do F\u00f3rum econ\u00f4mico internacional das Am\u00e9ricas, um acordo-quadro de colabora\u00e7\u00e3o para fortalecer suas a\u00e7\u00f5es comuns em prol do ensino superior.\u00a0A cerim\u00f4nia se realizou na presen\u00e7a de Micha\u00eblle Jean, secret\u00e1ria geral da Francofonia e 27o governador geral do Canad\u00e1.<\/p>\n<p>Em resposta aos desafios da qualidade da forma\u00e7\u00e3o, da pesquisa e da governan\u00e7a, da empregabilidade e da miss\u00e3o social das universidades como motor de desenvolvimento, que confrontam os espa\u00e7os universit\u00e1rios das Am\u00e9ricas e da Francofonia, a Organiza\u00e7\u00e3o Universit\u00e1ria Interamericana (OUI) e a <a href=\"https:\/\/www.auf.org\/\">Agence universitaire de la Francophonie (AUF)<\/a> concluem uma alian\u00e7a estrat\u00e9gica.<\/p>\n<p>Esta aproxima\u00e7\u00e3o interv\u00e9m no \u00e2mbito de sua participa\u00e7\u00e3o numa mesa redonda intitulada \u00ab\u00a0Novo mundo, nova Universidade\u00a0\u00bb organizada na 23<sup>a<\/sup> edi\u00e7\u00e3o do F\u00f3rum econ\u00f4mico internacional das Am\u00e9ricas &#8211; Confer\u00eancia de Montreal.<\/p>\n<p>A OUI e a AUF t\u00eam por objetivo comum melhorar a qualidade da forma\u00e7\u00e3o, da pesquisa e da governan\u00e7a nas institui\u00e7\u00f5es de ensino superior e de pesquisa. Elas perseguem objetivos similares e desejam enriquecer suas a\u00e7\u00f5es respectivas partilhando suas pr\u00e1ticas.<\/p>\n<p>Os dois organismos contam com o desenvolvimento do uso do num\u00e9rico educativo para responder a este objetivo e se apoiam em projetos de coopera\u00e7\u00e3o com atores do ensino superior.<\/p>\n<p>Deste modo, as duas entidades se comprometem em incentivar a participa\u00e7\u00e3o de seus membros respectivos em tais a\u00e7\u00f5es conjuntas e a favorecer assim o ensino superior das Am\u00e9ricas. As duas organiza\u00e7\u00f5es s\u00e3o tamb\u00e9m membros associados do Congresso das Am\u00e9ricas sobre Educa\u00e7\u00e3o Internacional (CAEI) que se realizar\u00e1 em Montreal, Canad\u00e1, de 11 a 13 de outubro de 2017.<\/p>\n<p>A OUI, com mais de 360 membros em 29 pa\u00edses e seus 36 anos de experi\u00eancia, \u00e9 reconhecida internacionalmente por sua contribui\u00e7\u00e3o \u00e0 cria\u00e7\u00e3o de espa\u00e7os comuns de ensino superior em n\u00edvel continental, ao impulsionar a execu\u00e7\u00e3o das estrat\u00e9gias inovadoras que sustentam sua qualidade e pertin\u00eancia.<\/p>\n<p>A Ag\u00eance universitaire de la Francophonie \u00e9 uma associa\u00e7\u00e3o mundial de universidades franc\u00f3fonas criada h\u00e1 mais de 50 anos. Ela congrega perto de 850 institui\u00e7\u00f5es universit\u00e1rias em mais de 100 pa\u00edses nos cinco continentes. Ela \u00e9 tamb\u00e9m a operadora para o ensino superior e a pesquisa. Ela tem por miss\u00e3o promover uma francofonia universit\u00e1ria din\u00e2mica implicada no desenvolvimento econ\u00f4mico e social das sociedades. Para conduzir suas a\u00e7\u00f5es, a AUF desenvolve parcerias com diferentes organiza\u00e7\u00f5es (UNESCO, UE, ONG, empresas do setor privado, etc.).<\/p>\n<p>&nbsp;<\/p>\n","protected":false},"excerpt":{"rendered":"<p>&nbsp; Montreal, Canad\u00e1, 14\/06\/2017 &#8211;\u00a0A Organiza\u00e7\u00e3o Universit\u00e1ria Interamericana e a Agence universitaire de la Francophonie firmam nesta quarta-feira 14 de [&hellip;]<\/p>\n","protected":false},"author":4,"featured_media":0,"comment_status":"open","ping_status":"open","sticky":false,"template":"","format":"standard","meta":{"_acf_changed":false,"_monsterinsights_skip_tracking":false,"_monsterinsights_sitenote_active":false,"_monsterinsights_sitenote_note":"","_monsterinsights_sitenote_category":0,"footnotes":""},"categories":[182],"tags":[],"class_list":["post-2088","post","type-post","status-publish","format-standard","hentry","category-atualidade"],"acf":[],"aioseo_notices":[],"_links":{"self":[{"href":"https:\/\/oui-iohe.org\/pt-br\/wp-json\/wp\/v2\/posts\/2088","targetHints":{"allow":["GET"]}}],"collection":[{"href":"https:\/\/oui-iohe.org\/pt-br\/wp-json\/wp\/v2\/posts"}],"about":[{"href":"https:\/\/oui-iohe.org\/pt-br\/wp-json\/wp\/v2\/types\/post"}],"author":[{"embeddable":true,"href":"https:\/\/oui-iohe.org\/pt-br\/wp-json\/wp\/v2\/users\/4"}],"replies":[{"embeddable":true,"href":"https:\/\/oui-iohe.org\/pt-br\/wp-json\/wp\/v2\/comments?post=2088"}],"version-history":[{"count":1,"href":"https:\/\/oui-iohe.org\/pt-br\/wp-json\/wp\/v2\/posts\/2088\/revisions"}],"predecessor-version":[{"id":2089,"href":"https:\/\/oui-iohe.org\/pt-br\/wp-json\/wp\/v2\/posts\/2088\/revisions\/2089"}],"wp:attachment":[{"href":"https:\/\/oui-iohe.org\/pt-br\/wp-json\/wp\/v2\/media?parent=2088"}],"wp:term":[{"taxonomy":"category","embeddable":true,"href":"https:\/\/oui-iohe.org\/pt-br\/wp-json\/wp\/v2\/categories?post=2088"},{"taxonomy":"post_tag","embeddable":true,"href":"https:\/\/oui-iohe.org\/pt-br\/wp-json\/wp\/v2\/tags?post=2088"}],"curies":[{"name":"wp","href":"https:\/\/api.w.org\/{rel}","templated":true}]}}