{"id":2129,"date":"2017-04-03T17:00:14","date_gmt":"2017-04-03T21:00:14","guid":{"rendered":"https:\/\/oui-iohe.org\/environnementalisation-mexique\/"},"modified":"2019-01-08T14:46:14","modified_gmt":"2019-01-08T19:46:14","slug":"ambientalizacao-mexico","status":"publish","type":"post","link":"https:\/\/oui-iohe.org\/pt-br\/ambientalizacao-mexico\/","title":{"rendered":"Semin\u00e1rio Alta Dire\u00e7\u00e3o e Encontro sobre Ambientaliza\u00e7\u00e3o \u2013 VP M\u00e9xico"},"content":{"rendered":"<p>&nbsp;<\/p>\n<p>O <strong>Semin\u00e1rio de Alta Dire\u00e7\u00e3o: <em>Gest\u00e3o inovadora da Educa\u00e7\u00e3o t\u00e9cnica e tecnol\u00f3gica <\/em><\/strong>e o <strong><em>Encontro nacional de Ambientaliza\u00e7\u00e3o curricular no Ensino superior<\/em><\/strong> se levaram a cabo nas cidades de Torre\u00f3n e M\u00e9xico, ambas na Regi\u00e3o M\u00e9xico da <strong>Organiza\u00e7\u00e3o Universit\u00e1ria Interamericana (OUI),<\/strong> durante a \u00faltima semana de mar\u00e7o de 2017.<\/p>\n<p>O Semin\u00e1rio de Alta Dire\u00e7\u00e3o, que aborda as tem\u00e1ticas pr\u00f3prias do <strong>Espa\u00e7o interamericano de Educa\u00e7\u00e3o superior t\u00e9cnica e tecnol\u00f3gica (EIESTEC),<\/strong> teve lugar de 29 a 31 de mar\u00e7o de 2017 e foi organizado gra\u00e7as \u00e0 colabora\u00e7\u00e3o da OUI com a <em>Asociaci\u00f3n Nacional de Universidades Tecnol\u00f3gicas<\/em> (ANUT) e a Secretaria de Educa\u00e7\u00e3o P\u00fablica (SEP), tendo como anfitri\u00e3 a <em>Universidad Tecnol\u00f3gica de Torre\u00f3n<\/em> (UTT).\u00a0 Neste Semin\u00e1rio participaram mais de 100 reitores e dirigentes de Institui\u00e7\u00f5es de Educa\u00e7\u00e3o t\u00e9cnica, tecnol\u00f3gica e polit\u00e9cnica de M\u00e9xico, Canad\u00e1, Costa Rica, Brasil, Chile e Estados Unidos, entre eles, o Dr. David Julien, secret\u00e1rio geral executivo da OUI.<\/p>\n<p>\u201cDurante esta forma\u00e7\u00e3o, a primeira deste tipo no M\u00e9xico, reitores, vice-reitores, diretores e coordenadores acad\u00eamicos participaram de um di\u00e1logo sobre tend\u00eancias acad\u00eamicas e administrativas na educa\u00e7\u00e3o t\u00e9cnica e tecnol\u00f3gica, mecanismos de apoio e boas pr\u00e1ticas em metodologias de aprendizagem e de gest\u00e3o\u201d, comentou o Dr. Julien durante sua interven\u00e7\u00e3o final a respeito do evento.<\/p>\n<p>Destacando a presen\u00e7a de c\u00e2maras de com\u00e9rcio regionais, estaduais e locais, o Eng. Ra\u00fal Mart\u00ednez, presidente da ANUT, destacou que o Semin\u00e1rio tamb\u00e9m despertou o interesse do setor empresarial, s\u00f3cio fundamental do setor de educa\u00e7\u00e3o t\u00e9cnica e tecnol\u00f3gica.<\/p>\n<p>Por outro lado, o <em>Encontro Nacional de Ambientaliza\u00e7\u00e3o curricular no Ensino superior<\/em>, que se levou a cabo nos dias 28 e 29 de mar\u00e7o na <em>Universidad Iberoamericana<\/em> da cidade de M\u00e9xico, reuniu cerca de 130 docentes, pesquisadores, estudantes, planejadores educativos e gestion\u00e1rios universit\u00e1rios, com o objetivo de sistematizar as experi\u00eancias relativas \u00e0 inclus\u00e3o da tem\u00e1tica ambiental no curr\u00edculo acad\u00eamico de suas respectivas institui\u00e7\u00f5es e promover o interc\u00e2mbio de projetos, estrat\u00e9gias metodol\u00f3gicas e materiais did\u00e1ticos.<\/p>\n<p>Este evento, que contou com a presen\u00e7a do secret\u00e1rio geral executivo, Dr. David Julien, e a Dra. Rosa Montes, diretora executiva do programa CAMPUS da OUI, sediado na <em>Benem\u00e9rita Universidad Aut\u00f3noma de Puebla<\/em> (BUAP), foi poss\u00edvel gra\u00e7as \u00e0 colabora\u00e7\u00e3o do Cons\u00f3rcio Mexicano de Programas Ambientais Universit\u00e1rios para o Desenvolvimento Sustent\u00e1vel (COMPLEXUS), a <em>Academia Nacional de Educaci\u00f3n Ambiental<\/em> (ANEA), a <em>Asociaci\u00f3n Nacional de Universidades e Instituciones de Educaci\u00f3n Superior <\/em>(ANUIES) e o Governo de M\u00e9xico.<\/p>\n","protected":false},"excerpt":{"rendered":"<p>&nbsp; O Semin\u00e1rio de Alta Dire\u00e7\u00e3o: Gest\u00e3o inovadora da Educa\u00e7\u00e3o t\u00e9cnica e tecnol\u00f3gica e o Encontro nacional de Ambientaliza\u00e7\u00e3o curricular [&hellip;]<\/p>\n","protected":false},"author":4,"featured_media":0,"comment_status":"open","ping_status":"open","sticky":false,"template":"","format":"standard","meta":{"_acf_changed":false,"_monsterinsights_skip_tracking":false,"_monsterinsights_sitenote_active":false,"_monsterinsights_sitenote_note":"","_monsterinsights_sitenote_category":0,"footnotes":""},"categories":[182],"tags":[],"class_list":["post-2129","post","type-post","status-publish","format-standard","hentry","category-atualidade"],"acf":[],"aioseo_notices":[],"_links":{"self":[{"href":"https:\/\/oui-iohe.org\/pt-br\/wp-json\/wp\/v2\/posts\/2129","targetHints":{"allow":["GET"]}}],"collection":[{"href":"https:\/\/oui-iohe.org\/pt-br\/wp-json\/wp\/v2\/posts"}],"about":[{"href":"https:\/\/oui-iohe.org\/pt-br\/wp-json\/wp\/v2\/types\/post"}],"author":[{"embeddable":true,"href":"https:\/\/oui-iohe.org\/pt-br\/wp-json\/wp\/v2\/users\/4"}],"replies":[{"embeddable":true,"href":"https:\/\/oui-iohe.org\/pt-br\/wp-json\/wp\/v2\/comments?post=2129"}],"version-history":[{"count":2,"href":"https:\/\/oui-iohe.org\/pt-br\/wp-json\/wp\/v2\/posts\/2129\/revisions"}],"predecessor-version":[{"id":2131,"href":"https:\/\/oui-iohe.org\/pt-br\/wp-json\/wp\/v2\/posts\/2129\/revisions\/2131"}],"wp:attachment":[{"href":"https:\/\/oui-iohe.org\/pt-br\/wp-json\/wp\/v2\/media?parent=2129"}],"wp:term":[{"taxonomy":"category","embeddable":true,"href":"https:\/\/oui-iohe.org\/pt-br\/wp-json\/wp\/v2\/categories?post=2129"},{"taxonomy":"post_tag","embeddable":true,"href":"https:\/\/oui-iohe.org\/pt-br\/wp-json\/wp\/v2\/tags?post=2129"}],"curies":[{"name":"wp","href":"https:\/\/api.w.org\/{rel}","templated":true}]}}