{"id":2290,"date":"2016-10-12T17:00:28","date_gmt":"2016-10-12T21:00:28","guid":{"rendered":"https:\/\/oui-iohe.org\/ndean-countries-emulies-meeting-2016\/"},"modified":"2019-01-09T10:53:34","modified_gmt":"2019-01-09T15:53:34","slug":"encontro-emulies-paises-andinos-2016","status":"publish","type":"post","link":"https:\/\/oui-iohe.org\/pt-br\/encontro-emulies-paises-andinos-2016\/","title":{"rendered":"Encontro EMULIES Pa\u00edses Andinos"},"content":{"rendered":"<p>O <strong>Encontro Regional do Espa\u00e7o de Mulheres L\u00edderes de Institui\u00e7\u00f5es de Ensino Superior das Am\u00e9ricas (EMULIES)<\/strong> <strong>&#8211; Pa\u00edses Andinos<\/strong> se levou a cabo nos dias 6 e 7 de outubro de 2016 na <a href=\"http:\/\/www.utem.cl\/\">Universidad Tecnol\u00f3gica Metropolitana (UTEM)<\/a>. A iniciativa do <a href=\"http:\/\/colam.oui-iohe.org\/\">Col\u00e9gio das Am\u00e9ricas (COLAM)<\/a> da <strong>Organiza\u00e7\u00e3o Universit\u00e1ria Interamericana (OUI)<\/strong> teve como tem\u00e1tica principal <strong>&#8220;Equidade de g\u00eanero e lideran\u00e7a no ensino superior: experi\u00eancias, \u00eaxitos e desafios&#8221;.<\/strong><\/p>\n<p>O programa incluiui debates plen\u00e1rios e mesas de trabalho moderadas por dirigentes de universidades de Argentina, Costa Rica, Chili, Peru e Rep\u00fablica Dominicana. O Encontro tamb\u00e9m contou, entre outras, com as apresenta\u00e7\u00f5es da vice-reitora de Extens\u00e3o e Comunica\u00e7\u00f5es da <em>Universidad de Chile<\/em>, a Dra. Faride Zer\u00e1n, a diretora da Divis\u00e3o de Assuntos de G\u00eanero da Comiss\u00e3o Econ\u00f4mica para Am\u00e9rica Latina e o Caribe da Organiza\u00e7\u00e3o das Na\u00e7\u00f5es Unidas (CEPAL), a Dra. Mar\u00eda Nueves Rico, e do professor titular da <em>Universidad de Concepci\u00f3n<\/em>, diretor do Laborat\u00f3rio de Produtos Florestais e do Diplomado em Engenharia ambiental, Claudio Zaror.<\/p>\n<p>\u201cNos alegra ver que em somente cinco anos de exist\u00eancia, EMULIES se converteu em refer\u00eancia de lideran\u00e7a feminina nas Am\u00e9ricas, onde ainda enfrentamos muitos desafios em rela\u00e7\u00e3o com a igualdade de g\u00eanero\u201d, explicou o secret\u00e1rio geral executivo da OUI, Dr. David Julien, quem esteve presente ao evento.<\/p>\n<p>Por sua parte, a Dra. Marisol Dur\u00e1n Santis, presidente do Comit\u00ea acad\u00eamico do Encontro e vice-reitora acad\u00eamica da UTEM, expressou que &#8220;a UTEM \u00e9 pioneira em abrir espa\u00e7os de encontro de mulheres que participam em postos de lideran\u00e7a. \u00c9 muito relevante que hoje, a partir da <em>Universidad Tecnol\u00f3gica Metropolitana<\/em>, possamos abrir redes de trabalho com outras universidades nacionais e estrangeiras\u201d.<\/p>\n<p>EMULIES oferece um espa\u00e7o \u00e0s mulheres mais destacadas no \u00e2mbito do ensino superior das Am\u00e9ricas onde podem desenvolver rela\u00e7\u00f5es acad\u00eamicas, capacidades para a gest\u00e3o universit\u00e1ria inclusiva e socialmente respons\u00e1vel, assim como intercambiar com organismos e associa\u00e7\u00f5es internacionais que promovem a lideran\u00e7a feminina.<\/p>\n<p>As iniciativas deste espa\u00e7o se articulam em torno de tr\u00eas eixos de trabalho: pesquisa aplicada, desenvolvimento de capacidades e coopera\u00e7\u00e3o e interc\u00e2mbio. At\u00e9 hoje, se realizaram quatro Encontros EMULIES e diversas atividades em v\u00e1rios pa\u00edses das Am\u00e9ricas. O pr\u00f3ximo est\u00e1 previsto para os dias 6 e 7 de julho de 2017, na <em>Pontificia Universidad Cat\u00f3lica del Per\u00fa<\/em> (PUCP).<\/p>\n<p>N\u00f3s os convidamos a consultar o <em>Plano anual de Atividades OUI<\/em> para informar-se sobre os detalhes daquele Encontro e de dezenas de outros eventos.<\/p>\n<p>&nbsp;<\/p>\n","protected":false},"excerpt":{"rendered":"<p>O Encontro Regional do Espa\u00e7o de Mulheres L\u00edderes de Institui\u00e7\u00f5es de Ensino Superior das Am\u00e9ricas (EMULIES) &#8211; Pa\u00edses Andinos se [&hellip;]<\/p>\n","protected":false},"author":4,"featured_media":0,"comment_status":"open","ping_status":"open","sticky":false,"template":"","format":"standard","meta":{"_acf_changed":false,"_monsterinsights_skip_tracking":false,"_monsterinsights_sitenote_active":false,"_monsterinsights_sitenote_note":"","_monsterinsights_sitenote_category":0,"footnotes":""},"categories":[182],"tags":[],"class_list":["post-2290","post","type-post","status-publish","format-standard","hentry","category-atualidade"],"acf":[],"aioseo_notices":[],"_links":{"self":[{"href":"https:\/\/oui-iohe.org\/pt-br\/wp-json\/wp\/v2\/posts\/2290","targetHints":{"allow":["GET"]}}],"collection":[{"href":"https:\/\/oui-iohe.org\/pt-br\/wp-json\/wp\/v2\/posts"}],"about":[{"href":"https:\/\/oui-iohe.org\/pt-br\/wp-json\/wp\/v2\/types\/post"}],"author":[{"embeddable":true,"href":"https:\/\/oui-iohe.org\/pt-br\/wp-json\/wp\/v2\/users\/4"}],"replies":[{"embeddable":true,"href":"https:\/\/oui-iohe.org\/pt-br\/wp-json\/wp\/v2\/comments?post=2290"}],"version-history":[{"count":1,"href":"https:\/\/oui-iohe.org\/pt-br\/wp-json\/wp\/v2\/posts\/2290\/revisions"}],"predecessor-version":[{"id":2291,"href":"https:\/\/oui-iohe.org\/pt-br\/wp-json\/wp\/v2\/posts\/2290\/revisions\/2291"}],"wp:attachment":[{"href":"https:\/\/oui-iohe.org\/pt-br\/wp-json\/wp\/v2\/media?parent=2290"}],"wp:term":[{"taxonomy":"category","embeddable":true,"href":"https:\/\/oui-iohe.org\/pt-br\/wp-json\/wp\/v2\/categories?post=2290"},{"taxonomy":"post_tag","embeddable":true,"href":"https:\/\/oui-iohe.org\/pt-br\/wp-json\/wp\/v2\/tags?post=2290"}],"curies":[{"name":"wp","href":"https:\/\/api.w.org\/{rel}","templated":true}]}}