{"id":2387,"date":"2016-07-28T17:00:25","date_gmt":"2016-07-28T21:00:25","guid":{"rendered":"https:\/\/oui-iohe.org\/ar-mission-doctorale-amerique-centrale\/"},"modified":"2019-01-09T15:07:32","modified_gmt":"2019-01-09T20:07:32","slug":"ar-missao-doutoral-america-central","status":"publish","type":"post","link":"https:\/\/oui-iohe.org\/pt-br\/ar-missao-doutoral-america-central\/","title":{"rendered":"Assembleia regional e Miss\u00e3o doutoral na Am\u00e9rica Central"},"content":{"rendered":"<p>A <strong>Assembleia regional Am\u00e9rica Central<\/strong> da <strong><em>Organiza\u00e7\u00e3o Universit\u00e1ria Interamericana <\/em>(OUI)<\/strong> e a <strong>Miss\u00e3o &#8220;Novas Colabora\u00e7\u00f5es para a Inova\u00e7\u00e3o: Estudos doutorais e Pesquisa&#8221;, <\/strong>do Brasil \u00e0 Am\u00e9rica Central, tiveram lugar de 26 a 28 de julho de 2016, na Costa Rica.<\/p>\n<p>O secret\u00e1rio geral executivo da OUI, Dr. David Julien, participou em ambos os eventos, que foram poss\u00edveis gra\u00e7as \u00e0 colabora\u00e7\u00e3o da sede da Vice-presid\u00eancia regional, a <a href=\"http:\/\/www.utn.ac.cr\/\">Universidad T\u00e9cnica Nacional (UTN)<\/a> e de seu reitor, Lic. Marcelo Prieto Jim\u00e9nez.<\/p>\n<p>A Assembleia reuniu 12 institui\u00e7\u00f5es representadas atrav\u00e9s de altas autoridades, tais como reitores e vice-reitores. A Regi\u00e3o conta com 22 membros provenientes de cinco pa\u00edses (Costa Rica, El Salvador, Guatemala, Honduras e Nicar\u00e1gua). Trata-se de uma zona estrat\u00e9gica e cuja expans\u00e3o \u00e9 de suma import\u00e2ncia para a OUI, expressou o secret\u00e1rio geral executivo da Organiza\u00e7\u00e3o, no \u00e2mbito do evento.<\/p>\n<p>&#8220;A participa\u00e7\u00e3o e o entusiasmo das institui\u00e7\u00f5es centro-americanas s\u00e3o vitais para a OUI. Sempre \u00e9 um prazer ser testemunho do dinamismo que aqui se vive no \u00e2mbito do ensino superior&#8221;, destacou o Dr. Julien.<\/p>\n<p>Por outro lado, a <strong>Miss\u00e3o &#8220;Novas Colabora\u00e7\u00f5es para a Inova\u00e7\u00e3o: Estudos doutorais e Pesquisa&#8221;,<\/strong> iniciativa da OUI, atrav\u00e9s de seu programa CAMPUS, contou com a colabora\u00e7\u00e3o da UTN (Costa Rica) e da <a href=\"http:\/\/www.uff.br\/\">Universidade Federal Fluminense &#8211; UFF<\/a> (Brasil). Nela houve 25 participantes.<\/p>\n<p>Gra\u00e7as a seu car\u00e1cter interamericano, esta miss\u00e3o permitiu estabelecer e estreitar a coopera\u00e7\u00e3o entre duas universidades de alto n\u00edvel, que j\u00e1 est\u00e3o desenvolvendo projetos acad\u00eamicos com outras institui\u00e7\u00f5es no continente, atrav\u00e9s de um espa\u00e7o comum e do planejamento de a\u00e7\u00f5es conjuntas.<\/p>\n<p><strong>Miss\u00e3o &#8220;Novas Colabora\u00e7\u00f5es para a Inova\u00e7\u00e3o: Estudos doutorais e Pesquisa&#8221;<\/strong><\/p>\n<p>\u201c\u00c9 uma grande oportunidade que a OUI, atrav\u00e9s do programa CAMPUS, vincule os esfor\u00e7os das p\u00f3s-gradua\u00e7\u00f5es de qualidade do Brasil para que contribuam o desenvolvimento institucional das institui\u00e7\u00f5es de ensino superior da Am\u00e9rica Central\u201d, destacou o Dr. Ra\u00fal Arias.<\/p>\n<p>\u201cAo termo desta miss\u00e3o, haver\u00e1 resultados concretos dos quais nos sentiremos orgulhosos, e a partir dos quais seguiremos trabalhando no futuro. Este exerc\u00edcio que fizemos hoje com Brasil, n\u00f3s queremos retom\u00e1-lo com Canad\u00e1 e Chile, entre outros\u201d, acrescentou.<\/p>\n<p>A OUI vem organizando anualmente cerca de uma centena de eventos e forma\u00e7\u00f5es, entre os quais miss\u00f5es doutorais, semin\u00e1rios, cursos e assembleias. Consulte o Plano de Atividades 2016 para manter-se informado sobre nossa agenda.<\/p>\n<p>&nbsp;<\/p>\n","protected":false},"excerpt":{"rendered":"<p>A Assembleia regional Am\u00e9rica Central da Organiza\u00e7\u00e3o Universit\u00e1ria Interamericana (OUI) e a Miss\u00e3o &#8220;Novas Colabora\u00e7\u00f5es para a Inova\u00e7\u00e3o: Estudos doutorais [&hellip;]<\/p>\n","protected":false},"author":4,"featured_media":0,"comment_status":"open","ping_status":"open","sticky":false,"template":"","format":"standard","meta":{"_acf_changed":false,"_monsterinsights_skip_tracking":false,"_monsterinsights_sitenote_active":false,"_monsterinsights_sitenote_note":"","_monsterinsights_sitenote_category":0,"footnotes":""},"categories":[182],"tags":[],"class_list":["post-2387","post","type-post","status-publish","format-standard","hentry","category-atualidade"],"acf":[],"aioseo_notices":[],"_links":{"self":[{"href":"https:\/\/oui-iohe.org\/pt-br\/wp-json\/wp\/v2\/posts\/2387","targetHints":{"allow":["GET"]}}],"collection":[{"href":"https:\/\/oui-iohe.org\/pt-br\/wp-json\/wp\/v2\/posts"}],"about":[{"href":"https:\/\/oui-iohe.org\/pt-br\/wp-json\/wp\/v2\/types\/post"}],"author":[{"embeddable":true,"href":"https:\/\/oui-iohe.org\/pt-br\/wp-json\/wp\/v2\/users\/4"}],"replies":[{"embeddable":true,"href":"https:\/\/oui-iohe.org\/pt-br\/wp-json\/wp\/v2\/comments?post=2387"}],"version-history":[{"count":1,"href":"https:\/\/oui-iohe.org\/pt-br\/wp-json\/wp\/v2\/posts\/2387\/revisions"}],"predecessor-version":[{"id":2388,"href":"https:\/\/oui-iohe.org\/pt-br\/wp-json\/wp\/v2\/posts\/2387\/revisions\/2388"}],"wp:attachment":[{"href":"https:\/\/oui-iohe.org\/pt-br\/wp-json\/wp\/v2\/media?parent=2387"}],"wp:term":[{"taxonomy":"category","embeddable":true,"href":"https:\/\/oui-iohe.org\/pt-br\/wp-json\/wp\/v2\/categories?post=2387"},{"taxonomy":"post_tag","embeddable":true,"href":"https:\/\/oui-iohe.org\/pt-br\/wp-json\/wp\/v2\/tags?post=2387"}],"curies":[{"name":"wp","href":"https:\/\/api.w.org\/{rel}","templated":true}]}}