{"id":2405,"date":"2016-07-14T17:00:01","date_gmt":"2016-07-14T21:00:01","guid":{"rendered":"https:\/\/oui-iohe.org\/lancement-chaire-laudato-si\/"},"modified":"2019-01-09T15:23:11","modified_gmt":"2019-01-09T20:23:11","slug":"lancamento-catedra-laudato-si","status":"publish","type":"post","link":"https:\/\/oui-iohe.org\/pt-br\/lancamento-catedra-laudato-si\/","title":{"rendered":"Lan\u00e7amento de uma iniciativa para o desenvolvimento sustent\u00e1vel: a \u2018C\u00e1tedra Laudato si\u2019\u2019"},"content":{"rendered":"<p>A \u201c<strong>C\u00e1tedra Laudato si\u2019 o cuidado da Casa Comum&#8221; <\/strong>\u00e9 uma iniciativa da <strong>Organiza\u00e7\u00e3o\u00a0Universit\u00e1ria Interamericana (OUI),<\/strong> a Organiza\u00e7\u00e3o de Universidades Cat\u00f3licas de Am\u00e9rica Latina e o Caribe (ODUCAL) e as institui\u00e7\u00f5es de ensino superior (IES) cat\u00f3licas e de inspira\u00e7\u00e3o crist\u00e3 de Am\u00e9rica Latina e do Caribe em resposta \u00e0 <em>Carta Enc\u00edclica Laudato si\u2019 sobre o cuidado da Casa Comum,<\/em> em que se urge a proteger o meio ambiente.<\/p>\n<p>Neste contexto, em 12 de julho de 2016, se levou a cabo nas instala\u00e7\u00f5es da <em><a href=\"http:\/\/www.ibero.mx\/\">Universidad Iberoamericana<\/a><\/em> da Cidade de M\u00e9xico, a <strong>Primeira Reuni\u00e3o de Trabalho <\/strong>da \u201cC\u00e1tedra Laudato si\u2019 o cuidado da Casa Comum\u201d, liderada pelo reitor da institui\u00e7\u00e3o anfitri\u00e3, Mtro. David Fern\u00e1ndez D\u00e1valos, e em colabora\u00e7\u00e3o com o secret\u00e1rio geral executivo da OUI, Dr. David Julien, o diretor executivo do Programa CAMPUS e ex-presidente da OUI, Dr. Ra\u00fal Arias, onde apresentaram uma proposta inicial de trabalho frente uma delega\u00e7\u00e3o de 29 representantes de 19 institui\u00e7\u00f5es de 9 pa\u00edses.<\/p>\n<p>Neste sentido, os participantes se comprometeram a firmar uma carta de inten\u00e7\u00e3o para a cria\u00e7\u00e3o da C\u00e1tedra e definiram um primeiro plano de trabalho, no qual se determinou a import\u00e2ncia de concentrar-se em criar:<\/p>\n<ul>\n<li>Uma\u00a0<strong>plataforma web<\/strong>\u00a0para a C\u00e1tedra;<\/li>\n<li>Um\u00a0<strong>repert\u00f3rio digital\u00a0<\/strong>para a recole\u00e7\u00e3o das boas pr\u00e1ticas, articuladas, por sua vez, ao redor dos temas de pol\u00edticas institucionais sustent\u00e1veis, projetos de doc\u00eancia e desenho curricular, assim como pesquisa cient\u00edfica;<\/li>\n<li>Um\u00a0<strong>mapa\u00a0<\/strong>de redes e institui\u00e7\u00f5es j\u00e1 envolvidas no tema.<\/li>\n<\/ul>\n<p>A responsabilidade institucional em rela\u00e7\u00e3o com o cuidado do meio ambiente, acrescentado \u00e0 imperiosa necessidade de concretizar o desenvolvimento sustent\u00e1vel s\u00e3o temas cuja import\u00e2ncia \u00e9 grande nos contextos pol\u00edtico e social particulares dos pa\u00edses das Am\u00e9ricas, onde a sobreexplora\u00e7\u00e3o dos recursos naturais destruiu esp\u00e9cies da flor e fauna. Os excessos tamb\u00e9m levaram ao desparecimento de comunidades inteiras e a um c\u00e2mbio irrevers\u00edvel na rela\u00e7\u00e3o das sociedades com seu meio. Por essa raz\u00e3o se trata de um tema indispens\u00e1vel na defini\u00e7\u00e3o do Planejamento estrat\u00e9gico OUI 2017-2022. Os resultados e a implementa\u00e7\u00e3o da <strong><em>C\u00e1tedra Laudato si\u2019 o Cuidado da Casa Comum<\/em><\/strong> ser\u00e3o monitorados e retomados a fim de incluir o tema como um eixo de trabalho da Organiza\u00e7\u00e3o.<\/p>\n<p>&nbsp;<\/p>\n","protected":false},"excerpt":{"rendered":"<p>A \u201cC\u00e1tedra Laudato si\u2019 o cuidado da Casa Comum&#8221; \u00e9 uma iniciativa da Organiza\u00e7\u00e3o\u00a0Universit\u00e1ria Interamericana (OUI), a Organiza\u00e7\u00e3o de Universidades [&hellip;]<\/p>\n","protected":false},"author":4,"featured_media":0,"comment_status":"open","ping_status":"open","sticky":false,"template":"","format":"standard","meta":{"_acf_changed":false,"_monsterinsights_skip_tracking":false,"_monsterinsights_sitenote_active":false,"_monsterinsights_sitenote_note":"","_monsterinsights_sitenote_category":0,"footnotes":""},"categories":[182],"tags":[],"class_list":["post-2405","post","type-post","status-publish","format-standard","hentry","category-atualidade"],"acf":[],"aioseo_notices":[],"_links":{"self":[{"href":"https:\/\/oui-iohe.org\/pt-br\/wp-json\/wp\/v2\/posts\/2405","targetHints":{"allow":["GET"]}}],"collection":[{"href":"https:\/\/oui-iohe.org\/pt-br\/wp-json\/wp\/v2\/posts"}],"about":[{"href":"https:\/\/oui-iohe.org\/pt-br\/wp-json\/wp\/v2\/types\/post"}],"author":[{"embeddable":true,"href":"https:\/\/oui-iohe.org\/pt-br\/wp-json\/wp\/v2\/users\/4"}],"replies":[{"embeddable":true,"href":"https:\/\/oui-iohe.org\/pt-br\/wp-json\/wp\/v2\/comments?post=2405"}],"version-history":[{"count":1,"href":"https:\/\/oui-iohe.org\/pt-br\/wp-json\/wp\/v2\/posts\/2405\/revisions"}],"predecessor-version":[{"id":2406,"href":"https:\/\/oui-iohe.org\/pt-br\/wp-json\/wp\/v2\/posts\/2405\/revisions\/2406"}],"wp:attachment":[{"href":"https:\/\/oui-iohe.org\/pt-br\/wp-json\/wp\/v2\/media?parent=2405"}],"wp:term":[{"taxonomy":"category","embeddable":true,"href":"https:\/\/oui-iohe.org\/pt-br\/wp-json\/wp\/v2\/categories?post=2405"},{"taxonomy":"post_tag","embeddable":true,"href":"https:\/\/oui-iohe.org\/pt-br\/wp-json\/wp\/v2\/tags?post=2405"}],"curies":[{"name":"wp","href":"https:\/\/api.w.org\/{rel}","templated":true}]}}