{"id":2599,"date":"2016-02-22T17:00:26","date_gmt":"2016-02-22T22:00:26","guid":{"rendered":"https:\/\/oui-iohe.org\/oui-universidad-2016\/"},"modified":"2019-01-10T10:55:11","modified_gmt":"2019-01-10T15:55:11","slug":"oui-universidad-2016","status":"publish","type":"post","link":"https:\/\/oui-iohe.org\/pt-br\/oui-universidad-2016\/","title":{"rendered":"Participa\u00e7\u00e3o da OUI no Congresso Universidad 2016 (La Habana, Cuba)"},"content":{"rendered":"<p>O secret\u00e1rio geral executivo da <strong><em>Organiza\u00e7\u00e3o Universit\u00e1ria Interamericana (OUI),<\/em><\/strong> o Dr. David Julien, junto com a chanceler e os diretores executivos dos programas CAMPUS e IGLU, assistiram a <strong><em><a href=\"http:\/\/www.congresouniversidad.cu\/\">Universidad 2016, 10\u00b0 Congresso internacional de Ensino superior,<\/a><\/em><\/strong> realizado em La Habana, Cuba, de 16 a 19 de fevereiro de 2016, onde tiveram a oportunidade de analisar, refletir e intercambiar com mais de 3.000 participantes, entre os quais intelectuais, acad\u00eamicos e estudantes, de 60 pa\u00edses de quatro continentes.<\/p>\n<p>O evento contou com a presen\u00e7a de altas autoridades cubanas, regionais e mundiais como o primeiro vice-presidente cubano, Miguel D\u00edaz-Canel; o ministro de Ensino superior, Dr. Rodolfo Alarc\u00f3n Ortiz; o subdiretor geral da UNESCO, Qiang Tang; o secret\u00e1rio geral da Organiza\u00e7\u00e3o de Estados Ibero-americanos para a Educa\u00e7\u00e3o (OEI), Paulo Speller; e o Pr\u00eamio Nobel da Paz e ex-presidente do Timor Leste, Jos\u00e9 Manuel Ramos-Horta.<\/p>\n<p>Sob o t\u00edtulo \u201cUniversidade inovadora para um desenvolvimento humano sustent\u00e1vel: mirando a 2030&#8243;, os temas que mais se destacaram no <a href=\"http:\/\/www.congresouniversidad.cu\/sites\/default\/files\/PCF.pdf\">programa do encontro<\/a> foram: a cultura da inova\u00e7\u00e3o e a extens\u00e3o universit\u00e1ria para um desenvolvimento humano sustent\u00e1vel; a pedagogia para uma transforma\u00e7\u00e3o inovadora do ensino superior; as pol\u00edticas de inova\u00e7\u00e3o, ci\u00eancia, tecnologia e forma\u00e7\u00e3o de alto n\u00edvel nas universidades e seus compromissos com o desenvolvimento humano inclusivo e sustent\u00e1vel; e a virtualiza\u00e7\u00e3o no ensino superior.<\/p>\n<p>Em coincid\u00eancia, para a OUI, a Inova\u00e7\u00e3o, Ci\u00eancia e Tecnologia; a Lideran\u00e7a e o capital humano; a Internacionaliza\u00e7\u00e3o assim como as Pesquisas e as Redes acad\u00eamicas s\u00e3o assuntos de vital import\u00e2ncia para o desenvolvimento do ensino superior das Am\u00e9ricas. Neste contexto, a OUI participou do painel &#8216;A coopera\u00e7\u00e3o universit\u00e1ria no espa\u00e7o das conferencias&#8217; do\u00a0VIII\u00a0<em>workshop<\/em>\u00a0internacional\u00a0<strong>&#8220;A internacionaliza\u00e7\u00e3o do ensino superior&#8221;<\/strong> e apresentou os principais resultados do <em><u><a href=\"http:\/\/www.caie-caei.org\">Congresso das Am\u00e9ricas sobre Educa\u00e7\u00e3o Internacional (CAEI)<\/a><\/u><\/em> para o per\u00edodo 2010-2015.<\/p>\n<p>\u201cAl\u00e9m de ter a oportunidade de escutar excelentes palestras sobre temas de grande interesse para a OUI, o congresso <strong><em>Universidad 2016<\/em><\/strong> nos permitiu consolidar nossa excelente rela\u00e7\u00e3o de colabora\u00e7\u00e3o com o Minist\u00e9rio de Ensino superior de Cuba e as universidades cubanas, assim como definir um plano de trabalho m\u00fatuo com a\u00e7\u00f5es concretas\u201d, comentou o secret\u00e1rio geral executivo da OUI, o Dr. Julien.<\/p>\n<p>Desde 1996, os <strong><em>Congressos Universidad<\/em><\/strong> se realizam cada dois anos; estes t\u00eam por fim fomentar o di\u00e1logo e o debate entre dirigentes das universidades, altos funcion\u00e1rios nacionais e internacionais, pesquisadores, professores e estudantes, a respeito de problemas de grande relev\u00e2ncia para as sociedades dos pa\u00edses dos participantes e sistemas de ensino superior.<\/p>\n<p>&nbsp;<\/p>\n","protected":false},"excerpt":{"rendered":"<p>O secret\u00e1rio geral executivo da Organiza\u00e7\u00e3o Universit\u00e1ria Interamericana (OUI), o Dr. David Julien, junto com a chanceler e os diretores [&hellip;]<\/p>\n","protected":false},"author":4,"featured_media":0,"comment_status":"open","ping_status":"open","sticky":false,"template":"","format":"standard","meta":{"_acf_changed":false,"_monsterinsights_skip_tracking":false,"_monsterinsights_sitenote_active":false,"_monsterinsights_sitenote_note":"","_monsterinsights_sitenote_category":0,"footnotes":""},"categories":[182],"tags":[],"class_list":["post-2599","post","type-post","status-publish","format-standard","hentry","category-atualidade"],"acf":[],"aioseo_notices":[],"_links":{"self":[{"href":"https:\/\/oui-iohe.org\/pt-br\/wp-json\/wp\/v2\/posts\/2599","targetHints":{"allow":["GET"]}}],"collection":[{"href":"https:\/\/oui-iohe.org\/pt-br\/wp-json\/wp\/v2\/posts"}],"about":[{"href":"https:\/\/oui-iohe.org\/pt-br\/wp-json\/wp\/v2\/types\/post"}],"author":[{"embeddable":true,"href":"https:\/\/oui-iohe.org\/pt-br\/wp-json\/wp\/v2\/users\/4"}],"replies":[{"embeddable":true,"href":"https:\/\/oui-iohe.org\/pt-br\/wp-json\/wp\/v2\/comments?post=2599"}],"version-history":[{"count":1,"href":"https:\/\/oui-iohe.org\/pt-br\/wp-json\/wp\/v2\/posts\/2599\/revisions"}],"predecessor-version":[{"id":2600,"href":"https:\/\/oui-iohe.org\/pt-br\/wp-json\/wp\/v2\/posts\/2599\/revisions\/2600"}],"wp:attachment":[{"href":"https:\/\/oui-iohe.org\/pt-br\/wp-json\/wp\/v2\/media?parent=2599"}],"wp:term":[{"taxonomy":"category","embeddable":true,"href":"https:\/\/oui-iohe.org\/pt-br\/wp-json\/wp\/v2\/categories?post=2599"},{"taxonomy":"post_tag","embeddable":true,"href":"https:\/\/oui-iohe.org\/pt-br\/wp-json\/wp\/v2\/tags?post=2599"}],"curies":[{"name":"wp","href":"https:\/\/api.w.org\/{rel}","templated":true}]}}