{"id":642,"date":"2018-10-25T17:00:28","date_gmt":"2018-10-25T21:00:28","guid":{"rendered":"http:\/\/www.oui-iohe.org\/prix-mein-2018-oui-colam-fr\/"},"modified":"2018-11-26T11:59:32","modified_gmt":"2018-11-26T16:59:32","slug":"premio-mein-2018-colam-oui-pt","status":"publish","type":"post","link":"https:\/\/oui-iohe.org\/pt-br\/premio-mein-2018-colam-oui-pt\/","title":{"rendered":"Pr\u00eamio MEIN 2018: Criar pontes dentro do meio universit\u00e1rio"},"content":{"rendered":"<p><img loading=\"lazy\" decoding=\"async\" class=\"aligncenter size-medium wp-image-644\" src=\"https:\/\/oui-iohe.org\/wp-content\/uploads\/2018\/10\/20180507.-Lancement-du-MEIN-2018_PR-300x128.png\" alt=\"\" width=\"300\" height=\"128\" srcset=\"https:\/\/oui-iohe.org\/wp-content\/uploads\/2018\/10\/20180507.-Lancement-du-MEIN-2018_PR-300x128.png 300w, https:\/\/oui-iohe.org\/wp-content\/uploads\/2018\/10\/20180507.-Lancement-du-MEIN-2018_PR.png 600w\" sizes=\"auto, (max-width: 300px) 100vw, 300px\" \/><\/p>\n<p>Medell\u00edn, Col\u00f4mbia, 24 de outubro de 2018 \u2013 Promovida juntamente pela Organiza\u00e7\u00e3o Universit\u00e1ria Interamericana (OUI), o Col\u00e9gio das Am\u00e9ricas (COLAM) e a <em>Universidad Cooperativa de Colombia <\/em>(UCC), a segunda edi\u00e7\u00e3o do pr\u00eamio MEIN teve lugar em Medell\u00edn, Col\u00f4mbia, de 22 a 24 de outubro e reconheceu com a primeira posi\u00e7\u00e3o a proposta apresentada por Brenda Ivonne Garc\u00eda Portillo, representante da <em>Universidad de Monterrey<\/em>.<\/p>\n<p>O Pr\u00eamio interamericano de Inova\u00e7\u00f5es Educativas no Ensino Superior (MEIN) visa promover a difus\u00e3o, partilha e conhecimento de pr\u00e1ticas educativas que, por suas caracter\u00edsticas e resultados, s\u00e3o exemplos pertinentes de inova\u00e7\u00e3o educativa no ensino superior.<\/p>\n<p>A sele\u00e7\u00e3o dos vencedores foi feita por um j\u00fari internacional composto de expertos universit\u00e1rios internacionais possuindo uma ampla experi\u00eancia nos campos de educa\u00e7\u00e3o e pesquisa.<\/p>\n<p>&nbsp;<\/p>\n<p>Os membros do j\u00fari eram:<\/p>\n<ul>\n<li>Gonzalo Lizarralde, professor da Escola de Arquitetura, <em>Universit\u00e9 de Montr\u00e9al<\/em>, Canad\u00e1 (presidente do J\u00fari, Medalha de Ouro 2016)<\/li>\n<li>Jos\u00e9 Guadalupe Escamilla de los Santos, diretor de Inova\u00e7\u00e3o educativa, <em>Tecnol\u00f3gico de Monterrey<\/em>, M\u00e9xico<\/li>\n<li>Luis Porta, diretor da Especializa\u00e7\u00e3o no ensino universit\u00e1rio, <em>Universidad Nacional de Mar del Plata, <\/em>Argentina<\/li>\n<li>Cruzana Amparo de Jes\u00fas Echeverri Restrepo, professora-pesquisadora, <em>Universidad de Antioquia<\/em>, Col\u00f4mbia<\/li>\n<li>Nora Elena Gil Ram\u00edrez, diretora acad\u00eamica e de Projetos institucionais, <em>Universidad Cooperativa de Colombia<\/em><\/li>\n<li>Juan Carlos Garc\u00eda Burgos, diretor geral Col\u00f4mbia, <em>Telef\u00f3nica Educaci\u00f3n Digital<\/em>, Col\u00f4mbia<\/li>\n<\/ul>\n<p>Trinta e dois casos pr\u00e1ticos de inova\u00e7\u00e3o educativa bem-sucedida, e experi\u00eancias vigentes cujos resultados parciais ou finais demostraram seu impacto, dirigidos por institui\u00e7\u00f5es de ensino superior de 12 pa\u00edses de todo o continente, foram apresentados.<\/p>\n<p>Para a Dra. Maritza Rond\u00f3n Rangel, reitora da <em>Universidad Cooperativa de Colombia<\/em> (UCC), anfitri\u00e3 desta segunda edi\u00e7\u00e3o, o Pr\u00eamio MEIN \u00e9 uma oportunidade para aprender sobre a ampla gama de experi\u00eancias de inova\u00e7\u00e3o educacional atualmente implementadas no continente e para interc\u00e2mbio sobre as conquistas, dificuldades, e desafios apresentados pela inova\u00e7\u00e3o no ensino superior.<\/p>\n<p>Os projetos vencedores do Pr\u00eamio MEIN 2018 foram os seguintes:<\/p>\n<ol>\n<li>Primeiro pr\u00eamio: <em>Programa de formaci\u00f3n en Competencias Interculturales <\/em>da<em> Universidad de Monterrey<\/em> (M\u00e9xico)<\/li>\n<li>Segundo pr\u00eamio: <em>Programa de Inclusi\u00f3n Educativa y social para J\u00f3venes con discapacidad intelectual<\/em>, apresentado pela <em>Universidad Iberoamericana<\/em> (M\u00e9xico)<\/li>\n<li>Terceiro pr\u00eamio: <em>Modelo de formaci\u00f3n tecnol\u00f3gica por referencial de competencias para profesionalizaci\u00f3n sostenible<\/em>, apresentado pelo <em>Instituto T\u00e9cnico Agr\u00edcola<\/em> (Col\u00f4mbia).<\/li>\n<\/ol>\n<p>Considerando os m\u00e9ritos que os caracterizam, as Men\u00e7\u00f5es de Honra foram outorgadas aos projetos:<\/p>\n<ol>\n<li><em>Una nueva perspectiva metodol\u00f3gica para la ense\u00f1anza del Quechua como una lengua viva<\/em>, apresentado pela <em>Universidad Mayor de San Sim\u00f3n<\/em> (Bol\u00edvia)<\/li>\n<li><em>A Universidade no CEU: Uma proposta inovadora de democratiza\u00e7\u00e3o do ensino superior<\/em>, apresentado pela <em>Universidade Estadual Paulista<\/em> (Brasil).<\/li>\n<\/ol>\n<p>Esta edi\u00e7\u00e3o do Pr\u00eamio MEIN deu ao p\u00fablico acad\u00eamico a ocasi\u00e3o de assistir a um evento internacional de vanguarda no campo da inova\u00e7\u00e3o educativa, a fim de incentivar suas institui\u00e7\u00f5es a desenvolver estrat\u00e9gias que promovem a inova\u00e7\u00e3o educativa. Este evento tamb\u00e9m permitiu que os participantes estendessem suas redes de contatos.<\/p>\n<p>&nbsp;<\/p>\n<p>Para saber mais : <a href=\"http:\/\/premiomein-ouiorg.blogspot.com\/\" target=\"_blank\" rel=\"noopener\">Pr\u00eamio MEIN<\/a><\/p>\n","protected":false},"excerpt":{"rendered":"<p>Medell\u00edn, Col\u00f4mbia, 24 de outubro de 2018 \u2013 Promovida juntamente pela Organiza\u00e7\u00e3o Universit\u00e1ria Interamericana (OUI), o Col\u00e9gio das Am\u00e9ricas (COLAM) [&hellip;]<\/p>\n","protected":false},"author":4,"featured_media":644,"comment_status":"open","ping_status":"open","sticky":false,"template":"","format":"standard","meta":{"_acf_changed":false,"_monsterinsights_skip_tracking":false,"_monsterinsights_sitenote_active":false,"_monsterinsights_sitenote_note":"","_monsterinsights_sitenote_category":0,"footnotes":""},"categories":[182],"tags":[],"class_list":["post-642","post","type-post","status-publish","format-standard","has-post-thumbnail","hentry","category-atualidade"],"acf":[],"aioseo_notices":[],"_links":{"self":[{"href":"https:\/\/oui-iohe.org\/pt-br\/wp-json\/wp\/v2\/posts\/642","targetHints":{"allow":["GET"]}}],"collection":[{"href":"https:\/\/oui-iohe.org\/pt-br\/wp-json\/wp\/v2\/posts"}],"about":[{"href":"https:\/\/oui-iohe.org\/pt-br\/wp-json\/wp\/v2\/types\/post"}],"author":[{"embeddable":true,"href":"https:\/\/oui-iohe.org\/pt-br\/wp-json\/wp\/v2\/users\/4"}],"replies":[{"embeddable":true,"href":"https:\/\/oui-iohe.org\/pt-br\/wp-json\/wp\/v2\/comments?post=642"}],"version-history":[{"count":4,"href":"https:\/\/oui-iohe.org\/pt-br\/wp-json\/wp\/v2\/posts\/642\/revisions"}],"predecessor-version":[{"id":830,"href":"https:\/\/oui-iohe.org\/pt-br\/wp-json\/wp\/v2\/posts\/642\/revisions\/830"}],"wp:featuredmedia":[{"embeddable":true,"href":"https:\/\/oui-iohe.org\/pt-br\/wp-json\/wp\/v2\/media\/644"}],"wp:attachment":[{"href":"https:\/\/oui-iohe.org\/pt-br\/wp-json\/wp\/v2\/media?parent=642"}],"wp:term":[{"taxonomy":"category","embeddable":true,"href":"https:\/\/oui-iohe.org\/pt-br\/wp-json\/wp\/v2\/categories?post=642"},{"taxonomy":"post_tag","embeddable":true,"href":"https:\/\/oui-iohe.org\/pt-br\/wp-json\/wp\/v2\/tags?post=642"}],"curies":[{"name":"wp","href":"https:\/\/api.w.org\/{rel}","templated":true}]}}