{"id":6464,"date":"2020-12-01T14:04:29","date_gmt":"2020-12-01T19:04:29","guid":{"rendered":"https:\/\/oui-iohe.org\/resultados-premio-mein-2020\/"},"modified":"2022-11-08T15:32:57","modified_gmt":"2022-11-08T20:32:57","slug":"premio-mein-2020","status":"publish","type":"post","link":"https:\/\/oui-iohe.org\/pt-br\/premio-mein-2020\/","title":{"rendered":"Resultados do Pr\u00eamio MEIN de 2020"},"content":{"rendered":"<p><em>A terceira edi\u00e7\u00e3o do Pr\u00eamio Interamericano para Modelos Educacionais Inovadores na Educa\u00e7\u00e3o Superior (MEIN) foi realizada virtualmente nos dias 19 e 20 de outubro.<\/em><\/p>\n<p>Este evento foi realizado pela Organiza\u00e7\u00e3o Universit\u00e1ria Interamericana (OUI); O <a href=\"https:\/\/colam.oui-iohe.org\/\">Col\u00e9gio das Am\u00e9ricas<\/a> (COLAM) e a <a href=\"https:\/\/www.udem.edu.mx\/en\">Universidad de Monterrey<\/a> (UdeM).<\/p>\n<p>O Pr\u00eamio MEIN 2020 arrecadou um total de 39 experi\u00eancias * em concurso, de 28 IES de 10 pa\u00edses, e contou com a participa\u00e7\u00e3o de mais de 180 participantes nas diversas atividades realizadas durante o evento.<\/p>\n<p>O j\u00fari internacional**, formado por 11 acad\u00eamicos, premiou as seguintes experi\u00eancias:<\/p>\n<p><strong>1\u00ba lugar<\/strong><\/p>\n<p><em>\u201cResponsabilidad Social Universitaria: Un modelo de formaci\u00f3n aplicada en el pregrado\u201d<\/em><\/p>\n<p>Universidad de Talca, Chile.<\/p>\n<p><strong>2\u00ba lugar<\/strong><\/p>\n<p><em>\u201cSistema Institucional de Evaluaci\u00f3n de Competencias&#8221;<\/em><\/p>\n<p>Universidad Cooperativa de Colombia.<\/p>\n<p><strong>3er lugar<\/strong><\/p>\n<p><em>\u201cPrograma ASCENDERE: Creando un ecosistema de innovaci\u00f3n docente\u201d<\/em><\/p>\n<p>Universidad T\u00e9cnica Particular de Loja, Ecuador.<\/p>\n<p><strong>Men\u00e7\u00e3o honrosa<\/strong><\/p>\n<p><em>\u201cEscuela Internacional de Innovaci\u00f3n Social\u201d<\/em><\/p>\n<p>Tecnol\u00f3gico de Antioquia, Colombia.<\/p>\n<p>Os organizadores e promotores deste evento interamericano reconheceram o trabalho e o compromisso com a melhoria da educa\u00e7\u00e3o superior de todas as institui\u00e7\u00f5es que participaram desta terceira edi\u00e7\u00e3o do Pr\u00eamio MEIN e apreciaram o interesse em compartilhar suas conquistas, erros e desafios para implementar iniciativas inovadoras que suas institui\u00e7\u00f5es e seu ambiente s\u00e3o transformados.<\/p>\n<p><strong>Publica\u00e7\u00f5es:<\/strong><\/p>\n<p><a href=\"https:\/\/oui-iohe.org\/wp-content\/uploads\/2022\/11\/Publicaci%C3%B3n-Premio-MEIN-2020.pdf\">Baixe o livro<\/a><\/p>\n<p><a href=\"https:\/\/www.youtube.com\/playlist?list=PLJxdx01nPEsf3yOPESH6isHt699reWd4M\">Veja as apresenta\u00e7\u00f5es<\/a><\/p>\n<p>&#8212; &#8212;<\/p>\n<p>*Clique <a href=\"https:\/\/oui-iohe.org\/wp-content\/uploads\/2020\/12\/Trabajos-Aceptados_Abstracts_MEIN2020.pdf\">aqu\u00ed<\/a> a lista completa de trabalhos aceitos na chamada MEIN 2020<\/p>\n<p>** Nesta terceira vers\u00e3o do Pr\u00eamio Interamericano para Modelos Educacionais Inovadores na Educa\u00e7\u00e3o Superior (Pr\u00eamio MEIN), o j\u00fari internacional que fez a sele\u00e7\u00e3o e avalia\u00e7\u00e3o de cada uma das experi\u00eancias apresentadas foi composto por:<\/p>\n<ol>\n<li><strong>Altagracia L\u00f3pez F<\/strong>., Centro de Innovaci\u00f3n en Educaci\u00f3n Superior (CINNES), Instituto Tecnol\u00f3gico de Santo Domingo, Rep\u00fablica Dominicana.<\/li>\n<li><strong>Katalina Perera H.<\/strong>, Universidad T\u00e9cnica Nacional, Costa Rica.<\/li>\n<li><strong>Norma Ju\u00e1rez<\/strong>, Diplomado en Internacionalizaci\u00f3n de la Educaci\u00f3n Superior\/Colegio de las Am\u00e9ricas (DIES\/COLAM)<\/li>\n<li><strong>Jamine Poz\u00fa Franco<\/strong>, Universidad Peruana Cayetano Heredia, Per\u00fa.<\/li>\n<li><strong>Mar\u00eda Mercedes Callejas Restrepo<\/strong>, Facultad de Ciencias Ambientales y de la Sostenibilidad;\u00a0 Maestr\u00eda en Educaci\u00f3n Ambiental, Universidad de Ciencias Aplicadas y Ambientales, Col\u00f4mbia.<\/li>\n<li><strong>Pedro M\u00e1rquez<\/strong>, Royal Roads University, Canad\u00e1.<\/li>\n<li><strong>Benito Flores Ju\u00e1rez<\/strong>, Escuela de Ingenier\u00eda y Tecnolog\u00edas, Universidad de Monterrey, M\u00e9xico<\/li>\n<li><strong>Jos\u00e9 Antonio Santander Figueredo<\/strong>, RED de Innovaci\u00f3n Emprendimiento GeneraKnow, Bol\u00edvia.<\/li>\n<li><strong>Javier Torres Gonz\u00e1lez<\/strong>, Universidad de Monterrey, M\u00e9xico.<\/li>\n<li><strong>Henry Alberto Chero-Valdivieso<\/strong>, Universidad Cat\u00f3lica Los Angeles de Chimbote, Per\u00fa. Red de Docentes de Am\u00e9rica Latina y el Caribe (RedDOLAC).<\/li>\n<li><strong>Fernando Daniels<\/strong>, Colegio de las Am\u00e9ricas\/Organizaci\u00f3n Universitaria Interamericana (OUI\/COLAM).<\/li>\n<\/ol>\n<p>Mais informa\u00e7\u00e3o: https:\/\/colam.oui-iohe.org\/<\/p>\n","protected":false},"excerpt":{"rendered":"<p>A terceira edi\u00e7\u00e3o do Pr\u00eamio Interamericano para Modelos Educacionais Inovadores na Educa\u00e7\u00e3o Superior (MEIN) foi realizada virtualmente nos dias 19 [&hellip;]<\/p>\n","protected":false},"author":4,"featured_media":6459,"comment_status":"open","ping_status":"open","sticky":false,"template":"","format":"standard","meta":{"_acf_changed":false,"_monsterinsights_skip_tracking":false,"_monsterinsights_sitenote_active":false,"_monsterinsights_sitenote_note":"","_monsterinsights_sitenote_category":0,"footnotes":""},"categories":[182],"tags":[],"class_list":["post-6464","post","type-post","status-publish","format-standard","has-post-thumbnail","hentry","category-atualidade"],"acf":[],"aioseo_notices":[],"_links":{"self":[{"href":"https:\/\/oui-iohe.org\/pt-br\/wp-json\/wp\/v2\/posts\/6464","targetHints":{"allow":["GET"]}}],"collection":[{"href":"https:\/\/oui-iohe.org\/pt-br\/wp-json\/wp\/v2\/posts"}],"about":[{"href":"https:\/\/oui-iohe.org\/pt-br\/wp-json\/wp\/v2\/types\/post"}],"author":[{"embeddable":true,"href":"https:\/\/oui-iohe.org\/pt-br\/wp-json\/wp\/v2\/users\/4"}],"replies":[{"embeddable":true,"href":"https:\/\/oui-iohe.org\/pt-br\/wp-json\/wp\/v2\/comments?post=6464"}],"version-history":[{"count":6,"href":"https:\/\/oui-iohe.org\/pt-br\/wp-json\/wp\/v2\/posts\/6464\/revisions"}],"predecessor-version":[{"id":12904,"href":"https:\/\/oui-iohe.org\/pt-br\/wp-json\/wp\/v2\/posts\/6464\/revisions\/12904"}],"wp:featuredmedia":[{"embeddable":true,"href":"https:\/\/oui-iohe.org\/pt-br\/wp-json\/wp\/v2\/media\/6459"}],"wp:attachment":[{"href":"https:\/\/oui-iohe.org\/pt-br\/wp-json\/wp\/v2\/media?parent=6464"}],"wp:term":[{"taxonomy":"category","embeddable":true,"href":"https:\/\/oui-iohe.org\/pt-br\/wp-json\/wp\/v2\/categories?post=6464"},{"taxonomy":"post_tag","embeddable":true,"href":"https:\/\/oui-iohe.org\/pt-br\/wp-json\/wp\/v2\/tags?post=6464"}],"curies":[{"name":"wp","href":"https:\/\/api.w.org\/{rel}","templated":true}]}}