{"id":8668,"date":"2021-04-22T14:39:35","date_gmt":"2021-04-22T18:39:35","guid":{"rendered":"https:\/\/oui-iohe.org\/oui-ug-fortalecen-colaboracion\/"},"modified":"2021-04-22T16:16:57","modified_gmt":"2021-04-22T20:16:57","slug":"oui-ug-fortalecem-colaboracao","status":"publish","type":"post","link":"https:\/\/oui-iohe.org\/pt-br\/oui-ug-fortalecem-colaboracao\/","title":{"rendered":"OUI e Universidade de Guanajuato fortalecem colabora\u00e7\u00e3o"},"content":{"rendered":"<p><em>Em evento virtual, foi realizada a assinatura de uma carta de entendimento entre a Organiza\u00e7\u00e3o Universit\u00e1ria Interamericana (OUI) e a Universidad de Guanajuato (UG), com validade de cinco anos.<\/em><\/p>\n<p>Este acordo bilateral tem por objetivo fortalecer os la\u00e7os de colabora\u00e7\u00e3o, que se traduzem na organiza\u00e7\u00e3o de atividades acad\u00eamicas e cient\u00edficas conjuntas, bem como de cursos, confer\u00eancias, semin\u00e1rios, simp\u00f3sios ou palestras; o desenvolvimento de projetos colaborativos de pesquisa, ensino e extens\u00e3o, no \u00e2mbito dos programas da OUI, bem como dos programas educacionais da UG.<\/p>\n<p>O Reitor Geral, Dr. Luis Felipe Guerrero Agripino, explicou que esta firma d\u00e1 continuidade aos anos anteriores de colabora\u00e7\u00e3o, e destacou a import\u00e2ncia de a Universidad de Guanajuato estar presente na OUI, pois disse que t\u00eam a oportunidade de estar presentes na agenda nacional e internacional.<\/p>\n<p>Por sua vez, reconheceu que esta empresa implica um grande compromisso, e disse que, para corresponder a isto, j\u00e1 existe um percurso de trabalho e as oportunidades s\u00e3o visualizadas em \u00e1reas como a mobilidade virtual.<\/p>\n<p>Por sua vez, o Dr. David Julien, Secret\u00e1rio-Geral Executivo da OUI, afirmou que esta assinatura se d\u00e1 em um momento oportuno e que &#8220;entrar em uma nova era de colabora\u00e7\u00e3o abre grandes portas para fortalecer nosso relacionamento institucional&#8221;, e frisou que o OUI sempre se baseia em pontos fortes institucionais e fornece espa\u00e7os para os melhores acad\u00eamicos compartilharem conhecimento por meio de seus programas.<\/p>\n<p>O evento contou ainda com a participa\u00e7\u00e3o do Dr. Sergio Antonio Silva Mu\u00f1oz, Secret\u00e1rio Acad\u00eamico da UG, que referiu algumas das grandes oportunidades que ir\u00e3o beneficiar a universidade, inclusive colaborando em projetos como o <a href=\"https:\/\/caie-caei.org\/br\/\">Congresso das Am\u00e9ricas sobre Educa\u00e7\u00e3o Internacional<\/a>, que tem a miss\u00e3o de promover a forma\u00e7\u00e3o de redes acad\u00eamicas de apoio \u00e0 forma\u00e7\u00e3o de pesquisas tem\u00e1ticas priorit\u00e1rias em Institui\u00e7\u00f5es de Ensino Superior.<\/p>\n<p>Da mesma forma, o Dr. Salvador Hern\u00e1ndez Castro, Diretor de Planejamento da UG, disse que esta colabora\u00e7\u00e3o servir\u00e1 para concretizar as metas do Plano de Desenvolvimento Institucional com sua vis\u00e3o para 2030, em que uma institui\u00e7\u00e3o com uma ampla oferta educacional se projeta de excel\u00eancia, pertinente, equitativa, inclusiva, intercultural e continuamente renovada, tanto na modalidade presencial, a dist\u00e2ncia ou mista.<\/p>\n<p><img loading=\"lazy\" decoding=\"async\" class=\"wp-image-8661 size-full aligncenter\" src=\"https:\/\/oui-iohe.org\/wp-content\/uploads\/2021\/04\/ug-oui-2.jpg\" alt=\"\" width=\"775\" height=\"261\" srcset=\"https:\/\/oui-iohe.org\/wp-content\/uploads\/2021\/04\/ug-oui-2.jpg 775w, https:\/\/oui-iohe.org\/wp-content\/uploads\/2021\/04\/ug-oui-2-300x101.jpg 300w, https:\/\/oui-iohe.org\/wp-content\/uploads\/2021\/04\/ug-oui-2-768x259.jpg 768w\" sizes=\"auto, (max-width: 775px) 100vw, 775px\" \/><\/p>\n<p>O documento foi assinado, em representa\u00e7\u00e3o da <a href=\"https:\/\/www.ugto.mx\/\">Universidad de Guanajuato<\/a>, pelo Reitor-Geral, Doutor Luis Felipe Guerrero, e pela Organiza\u00e7\u00e3o Universit\u00e1ria Interamericana, Doutor Julien, Secret\u00e1rio-Geral Executivo.<\/p>\n","protected":false},"excerpt":{"rendered":"<p>Em evento virtual, foi realizada a assinatura de uma carta de entendimento entre a Organiza\u00e7\u00e3o Universit\u00e1ria Interamericana (OUI) e a [&hellip;]<\/p>\n","protected":false},"author":4,"featured_media":8696,"comment_status":"open","ping_status":"open","sticky":false,"template":"","format":"standard","meta":{"_acf_changed":false,"_monsterinsights_skip_tracking":false,"_monsterinsights_sitenote_active":false,"_monsterinsights_sitenote_note":"","_monsterinsights_sitenote_category":0,"footnotes":""},"categories":[182],"tags":[],"class_list":["post-8668","post","type-post","status-publish","format-standard","has-post-thumbnail","hentry","category-atualidade"],"acf":[],"aioseo_notices":[],"_links":{"self":[{"href":"https:\/\/oui-iohe.org\/pt-br\/wp-json\/wp\/v2\/posts\/8668","targetHints":{"allow":["GET"]}}],"collection":[{"href":"https:\/\/oui-iohe.org\/pt-br\/wp-json\/wp\/v2\/posts"}],"about":[{"href":"https:\/\/oui-iohe.org\/pt-br\/wp-json\/wp\/v2\/types\/post"}],"author":[{"embeddable":true,"href":"https:\/\/oui-iohe.org\/pt-br\/wp-json\/wp\/v2\/users\/4"}],"replies":[{"embeddable":true,"href":"https:\/\/oui-iohe.org\/pt-br\/wp-json\/wp\/v2\/comments?post=8668"}],"version-history":[{"count":4,"href":"https:\/\/oui-iohe.org\/pt-br\/wp-json\/wp\/v2\/posts\/8668\/revisions"}],"predecessor-version":[{"id":8700,"href":"https:\/\/oui-iohe.org\/pt-br\/wp-json\/wp\/v2\/posts\/8668\/revisions\/8700"}],"wp:featuredmedia":[{"embeddable":true,"href":"https:\/\/oui-iohe.org\/pt-br\/wp-json\/wp\/v2\/media\/8696"}],"wp:attachment":[{"href":"https:\/\/oui-iohe.org\/pt-br\/wp-json\/wp\/v2\/media?parent=8668"}],"wp:term":[{"taxonomy":"category","embeddable":true,"href":"https:\/\/oui-iohe.org\/pt-br\/wp-json\/wp\/v2\/categories?post=8668"},{"taxonomy":"post_tag","embeddable":true,"href":"https:\/\/oui-iohe.org\/pt-br\/wp-json\/wp\/v2\/tags?post=8668"}],"curies":[{"name":"wp","href":"https:\/\/api.w.org\/{rel}","templated":true}]}}