{"id":9433,"date":"2021-07-30T11:34:48","date_gmt":"2021-07-30T15:34:48","guid":{"rendered":"https:\/\/oui-iohe.org\/congreso-ciencias-ambientales-udca\/"},"modified":"2021-08-09T12:39:34","modified_gmt":"2021-08-09T16:39:34","slug":"congreso-ciencias-ambientales-udca","status":"publish","type":"post","link":"https:\/\/oui-iohe.org\/pt-br\/congreso-ciencias-ambientales-udca\/","title":{"rendered":"OUI ap\u00f3ia o 5\u00ba. Congresso Nacional e 1\u00ba. Internacional em Ci\u00eancias Ambientais &#8220;Ci\u00eancias Ambientais no Antropoceno&#8221;"},"content":{"rendered":"<p>A Organiza\u00e7\u00e3o Universit\u00e1ria Interamericana ap\u00f3ia o Congresso Nacional de Ci\u00eancias Ambientais, evento que a Red Colombiana de Formaci\u00f3n Ambiental realiza a cada dois anos em colabora\u00e7\u00e3o com a Universidad de Ciencias Aplicadas y Ambientales U.D.C.A.<\/p>\n<p>Este congresso reuniu mais de 980 estudantes, profissionais, acad\u00eamicos e pesquisadores interessados \u200b\u200bem contribuir para o desenvolvimento e consolida\u00e7\u00e3o epistemol\u00f3gica das Ci\u00eancias Ambientais, a partir da reflex\u00e3o sobre paradigmas, seus objetos de estudo, m\u00e9todos e desafios diante de novas realidades.<\/p>\n<p>Este Congresso busca:<\/p>\n<ol>\n<li>Ser um espa\u00e7o de discuss\u00e3o sobre as situa\u00e7\u00f5es ambientais a partir de perspectivas que v\u00e3o desde preocupa\u00e7\u00f5es globais a estudos de caso detalhados; Trabalhos orientados do ponto de vista social, t\u00e9cnico, pr\u00e1tico e aplicado.<\/li>\n<li>Re\u00fane os principais l\u00edderes acad\u00eamicos, pesquisadores e estudantes pesquisadores para trocar e compartilhar suas experi\u00eancias e resultados de pesquisas em todos os aspectos das Ci\u00eancias Ambientais.<\/li>\n<li>Fornecer uma plataforma interdisciplinar de primeira linha para pesquisadores, profissionais, estudantes e educadores apresentarem e discutirem as \u00faltimas inova\u00e7\u00f5es, tend\u00eancias e preocupa\u00e7\u00f5es no campo das Ci\u00eancias Ambientais, bem como os desafios pr\u00e1ticos encontrados e as solu\u00e7\u00f5es propostas e adotadas.<\/li>\n<\/ol>\n<p>O tema central do congresso \u00e9 &#8220;Ci\u00eancias Ambientais no Antropoceno&#8221;, levando em considera\u00e7\u00e3o que a escala e a intensidade das intera\u00e7\u00f5es humanas com os sistemas da Terra se aceleraram nas \u00faltimas d\u00e9cadas. As mudan\u00e7as nos processos f\u00edsicos, biol\u00f3gicos e qu\u00edmicos dos solos e da \u00e1gua s\u00e3o o resultado de atividades humanas como desenvolvimento urbano, industrializa\u00e7\u00e3o, agricultura e minera\u00e7\u00e3o, entre outras.<\/p>\n<p>As mudan\u00e7as induzidas pelo homem na superf\u00edcie da Terra, nos oceanos, na criosfera, nos ecossistemas e no clima s\u00e3o t\u00e3o grandes e r\u00e1pidas que surgiu a proposta de uma nova \u00e9poca geol\u00f3gica, o Antropoceno. Este congresso busca respostas para esta situa\u00e7\u00e3o que possam reverter o padr\u00e3o no qual a \u201cprosperidade humana\u201d tem prejudicado ecossistemas e comunidades exclu\u00eddas.<\/p>\n<p>Para saber mais sobre este evento:<\/p>\n<div class=\"elementor-element elementor-element-d45700c elementor-widget elementor-widget-text-editor\" data-id=\"d45700c\" data-element_type=\"widget\" data-widget_type=\"text-editor.default\">\n<div class=\"elementor-widget-container\">\n<div class=\"elementor-text-editor elementor-clearfix\">\n<p>https:\/\/congresocienciasambientalesrcfa.org\/<\/p>\n<p><iframe loading=\"lazy\" title=\"5 Congreso Nacional y 1 Internacional de Ciencias Ambientales\" width=\"500\" height=\"281\" src=\"https:\/\/www.youtube.com\/embed\/haCd1uwwyMg?feature=oembed\" frameborder=\"0\" allow=\"accelerometer; autoplay; clipboard-write; encrypted-media; gyroscope; picture-in-picture; web-share\" referrerpolicy=\"strict-origin-when-cross-origin\" allowfullscreen><\/iframe><\/p>\n<\/div>\n<\/div>\n<\/div>\n","protected":false},"excerpt":{"rendered":"<p>A Organiza\u00e7\u00e3o Universit\u00e1ria Interamericana ap\u00f3ia o Congresso Nacional de Ci\u00eancias Ambientais, evento que a Red Colombiana de Formaci\u00f3n Ambiental realiza [&hellip;]<\/p>\n","protected":false},"author":4,"featured_media":9427,"comment_status":"open","ping_status":"open","sticky":false,"template":"","format":"standard","meta":{"_acf_changed":false,"_monsterinsights_skip_tracking":false,"_monsterinsights_sitenote_active":false,"_monsterinsights_sitenote_note":"","_monsterinsights_sitenote_category":0,"footnotes":""},"categories":[182],"tags":[],"class_list":["post-9433","post","type-post","status-publish","format-standard","has-post-thumbnail","hentry","category-atualidade"],"acf":[],"aioseo_notices":[],"_links":{"self":[{"href":"https:\/\/oui-iohe.org\/pt-br\/wp-json\/wp\/v2\/posts\/9433","targetHints":{"allow":["GET"]}}],"collection":[{"href":"https:\/\/oui-iohe.org\/pt-br\/wp-json\/wp\/v2\/posts"}],"about":[{"href":"https:\/\/oui-iohe.org\/pt-br\/wp-json\/wp\/v2\/types\/post"}],"author":[{"embeddable":true,"href":"https:\/\/oui-iohe.org\/pt-br\/wp-json\/wp\/v2\/users\/4"}],"replies":[{"embeddable":true,"href":"https:\/\/oui-iohe.org\/pt-br\/wp-json\/wp\/v2\/comments?post=9433"}],"version-history":[{"count":5,"href":"https:\/\/oui-iohe.org\/pt-br\/wp-json\/wp\/v2\/posts\/9433\/revisions"}],"predecessor-version":[{"id":9447,"href":"https:\/\/oui-iohe.org\/pt-br\/wp-json\/wp\/v2\/posts\/9433\/revisions\/9447"}],"wp:featuredmedia":[{"embeddable":true,"href":"https:\/\/oui-iohe.org\/pt-br\/wp-json\/wp\/v2\/media\/9427"}],"wp:attachment":[{"href":"https:\/\/oui-iohe.org\/pt-br\/wp-json\/wp\/v2\/media?parent=9433"}],"wp:term":[{"taxonomy":"category","embeddable":true,"href":"https:\/\/oui-iohe.org\/pt-br\/wp-json\/wp\/v2\/categories?post=9433"},{"taxonomy":"post_tag","embeddable":true,"href":"https:\/\/oui-iohe.org\/pt-br\/wp-json\/wp\/v2\/tags?post=9433"}],"curies":[{"name":"wp","href":"https:\/\/api.w.org\/{rel}","templated":true}]}}